{"id":68705,"date":"2025-03-10T09:41:12","date_gmt":"2025-03-10T07:41:12","guid":{"rendered":"https:\/\/orheifm.live\/index.php\/2025\/03\/10\/un-barbat-a-fost-ucis-cu-sange-rece-de-un-consatean-la-cobusca-veche\/"},"modified":"2025-03-10T09:41:12","modified_gmt":"2025-03-10T07:41:12","slug":"un-barbat-a-fost-ucis-cu-sange-rece-de-un-consatean-la-cobusca-veche","status":"publish","type":"post","link":"https:\/\/orheifm.live\/index.php\/2025\/03\/10\/un-barbat-a-fost-ucis-cu-sange-rece-de-un-consatean-la-cobusca-veche\/","title":{"rendered":"Un b\u0103rbat a fost ucis cu s\u00e2nge rece de un cons\u0103tean la Cobusca Veche"},"content":{"rendered":"<div>\n<p data-start=\"76\" data-end=\"353\"><strong>Un b\u0103rbat de 76 de ani a fost g\u0103sit f\u0103r\u0103 via\u021b\u0103 \u00een propria locuin\u021b\u0103, dup\u0103 ce a fost ucis cu brutalitate de un cons\u0103tean. Crima s-a produs pe 7 martie, \u00een jurul orei 12:20, \u00een localitatea Cobusca Veche, raionul Anenii Noi, potrivit surselor PulsMedia.MD apropiate anchetei.<\/strong><\/p>\n<p data-start=\"355\" data-end=\"496\">Cadavrul victimei prezenta multiple semne de moarte violent\u0103, inclusiv pl\u0103gi provocate cu un cu\u021bit, conform constat\u0103rilor medicului legist.<\/p>\n<p data-start=\"498\" data-end=\"745\">Poli\u021bia a identificat \u0219i re\u021binut rapid un suspect \u2013 un b\u0103rbat de 71 de ani din aceea\u0219i localitate. Se pare c\u0103 acesta a mers \u00een vizit\u0103 la victim\u0103, iar dup\u0103 ce au consumat alcool, \u00eentre cei doi a izbucnit un conflict care a degenerat \u00eentr-o crim\u0103.<\/p>\n<p data-start=\"747\" data-end=\"850\" data-is-last-node=\"\" data-is-only-node=\"\">Suspectul a fost re\u021binut pentru 72 de ore, iar pe numele s\u0103u a fost deschis un dosar penal pentru omor.<\/p>\n<\/div>\n","protected":false},"excerpt":{"rendered":"<div><img loading=\"lazy\" decoding=\"async\" width=\"696\" height=\"392\" src=\"https:\/\/canal5.md\/wp-content\/uploads\/2025\/03\/169dd1d90622f424ee3d62e92d9e3b6149e8317fc0749265ed244d36c2c441eb-1024x576-optimized.jpg\" class=\"attachment-large size-large wp-post-image\" alt=\"\" srcset=\"https:\/\/canal5.md\/wp-content\/uploads\/2025\/03\/169dd1d90622f424ee3d62e92d9e3b6149e8317fc0749265ed244d36c2c441eb-1024x576-optimized.jpg 1024w, https:\/\/canal5.md\/wp-content\/uploads\/2025\/03\/169dd1d90622f424ee3d62e92d9e3b6149e8317fc0749265ed244d36c2c441eb-300x169-optimized.jpg 300w, https:\/\/canal5.md\/wp-content\/uploads\/2025\/03\/169dd1d90622f424ee3d62e92d9e3b6149e8317fc0749265ed244d36c2c441eb-768x432-optimized.jpg 768w, https:\/\/canal5.md\/wp-content\/uploads\/2025\/03\/169dd1d90622f424ee3d62e92d9e3b6149e8317fc0749265ed244d36c2c441eb-696x392-optimized.jpg 696w, https:\/\/canal5.md\/wp-content\/uploads\/2025\/03\/169dd1d90622f424ee3d62e92d9e3b6149e8317fc0749265ed244d36c2c441eb-1068x601-optimized.jpg 1068w, https:\/\/canal5.md\/wp-content\/uploads\/2025\/03\/169dd1d90622f424ee3d62e92d9e3b6149e8317fc0749265ed244d36c2c441eb-optimized.jpg 1200w\">Un b\u0103rbat de 76 de ani a fost g\u0103sit f\u0103r\u0103 via\u021b\u0103 \u00een propria locuin\u021b\u0103, dup\u0103 ce a fost ucis cu brutalitate de un cons\u0103tean. Crima s-a produs pe 7 martie, \u00een jurul orei 12:20, \u00een localitatea Cobusca Veche, raionul Anenii Noi, potrivit surselor PulsMedia.MD apropiate anchetei. Cadavrul victimei prezenta multiple semne de moarte violent\u0103, inclusiv [\u2026]<\/div>\n","protected":false},"author":1,"featured_media":68706,"comment_status":"closed","ping_status":"closed","sticky":false,"template":"","format":"standard","meta":{"jnews-multi-image_gallery":[],"jnews_single_post":[],"jnews_primary_category":[],"jnews_social_meta":[],"jnews_override_counter":[],"footnotes":""},"categories":[30],"tags":[],"class_list":["post-68705","post","type-post","status-publish","format-standard","has-post-thumbnail","hentry","category-social_ro"],"_links":{"self":[{"href":"https:\/\/orheifm.live\/index.php\/wp-json\/wp\/v2\/posts\/68705","targetHints":{"allow":["GET"]}}],"collection":[{"href":"https:\/\/orheifm.live\/index.php\/wp-json\/wp\/v2\/posts"}],"about":[{"href":"https:\/\/orheifm.live\/index.php\/wp-json\/wp\/v2\/types\/post"}],"author":[{"embeddable":true,"href":"https:\/\/orheifm.live\/index.php\/wp-json\/wp\/v2\/users\/1"}],"replies":[{"embeddable":true,"href":"https:\/\/orheifm.live\/index.php\/wp-json\/wp\/v2\/comments?post=68705"}],"version-history":[{"count":0,"href":"https:\/\/orheifm.live\/index.php\/wp-json\/wp\/v2\/posts\/68705\/revisions"}],"wp:featuredmedia":[{"embeddable":true,"href":"https:\/\/orheifm.live\/index.php\/wp-json\/wp\/v2\/media\/68706"}],"wp:attachment":[{"href":"https:\/\/orheifm.live\/index.php\/wp-json\/wp\/v2\/media?parent=68705"}],"wp:term":[{"taxonomy":"category","embeddable":true,"href":"https:\/\/orheifm.live\/index.php\/wp-json\/wp\/v2\/categories?post=68705"},{"taxonomy":"post_tag","embeddable":true,"href":"https:\/\/orheifm.live\/index.php\/wp-json\/wp\/v2\/tags?post=68705"}],"curies":[{"name":"wp","href":"https:\/\/api.w.org\/{rel}","templated":true}]}}