{"id":68701,"date":"2025-03-09T17:40:53","date_gmt":"2025-03-09T15:40:53","guid":{"rendered":"https:\/\/orheifm.live\/index.php\/2025\/03\/09\/primarul-satului-tabani-igor-bolduma-s-a-stins-din-viata\/"},"modified":"2025-03-09T17:40:53","modified_gmt":"2025-03-09T15:40:53","slug":"primarul-satului-tabani-igor-bolduma-s-a-stins-din-viata","status":"publish","type":"post","link":"https:\/\/orheifm.live\/index.php\/2025\/03\/09\/primarul-satului-tabani-igor-bolduma-s-a-stins-din-viata\/","title":{"rendered":"Primarul satului Tabani, Igor Bolduma, s-a stins din via\u021b\u0103"},"content":{"rendered":"<div>\n<p><strong>Primarul satului Tabani din raionul Briceni, Igor Bolduma, s-a stins din via\u021b\u0103. Vestea trist\u0103 a fost anun\u021bat\u0103 de cons\u0103teni \u00eentr-o postare pe Facebook.<\/strong><\/p>\n<p>\u201eCu profund\u0103 triste\u021be am aflat despre plecarea prematur\u0103 a scumpului nostru primar, Igor Bolduma. Comunitatea pierde un om devotat, un lider adev\u0103rat \u0219i un suflet nobil.<\/p>\n<p>Ne lu\u0103m r\u0103mas-bun mult prea devreme de un om deosebit, care \u0219i-a dedicat via\u021ba comunit\u0103\u021bii. Va r\u0103m\u00e2ne mereu \u00een inimile noastre prin tot ceea ce a realizat. Sincere condolean\u021be familiei \u00eendurerate \u0219i tuturor celor care l-au cunoscut.<\/p>\n<p>Drum lin spre \u00eemp\u0103r\u0103\u021bia cerurilor, dragul nostru primar\u201d, se arat\u0103 \u00een mesajul publicat pe re\u021belele de socializare.<\/p>\n<\/div>\n","protected":false},"excerpt":{"rendered":"<div><img loading=\"lazy\" decoding=\"async\" width=\"696\" height=\"392\" src=\"https:\/\/canal5.md\/wp-content\/uploads\/2025\/03\/32dee06b3cbc37cad2bed43537e65208b4b6882baacd0589d40350395c47d8ad-1-optimized.png\" class=\"attachment-large size-large wp-post-image\" alt=\"\" srcset=\"https:\/\/canal5.md\/wp-content\/uploads\/2025\/03\/32dee06b3cbc37cad2bed43537e65208b4b6882baacd0589d40350395c47d8ad-1-optimized.png 800w, https:\/\/canal5.md\/wp-content\/uploads\/2025\/03\/32dee06b3cbc37cad2bed43537e65208b4b6882baacd0589d40350395c47d8ad-1-300x169-optimized.png 300w, https:\/\/canal5.md\/wp-content\/uploads\/2025\/03\/32dee06b3cbc37cad2bed43537e65208b4b6882baacd0589d40350395c47d8ad-1-768x432-optimized.png 768w, https:\/\/canal5.md\/wp-content\/uploads\/2025\/03\/32dee06b3cbc37cad2bed43537e65208b4b6882baacd0589d40350395c47d8ad-1-696x392-optimized.png 696w\">Primarul satului Tabani din raionul Briceni, Igor Bolduma, s-a stins din via\u021b\u0103. Vestea trist\u0103 a fost anun\u021bat\u0103 de cons\u0103teni \u00eentr-o postare pe Facebook. \u201eCu profund\u0103 triste\u021be am aflat despre plecarea prematur\u0103 a scumpului nostru primar, Igor Bolduma. Comunitatea pierde un om devotat, un lider adev\u0103rat \u0219i un suflet nobil. Ne lu\u0103m r\u0103mas-bun mult prea devreme [\u2026]<\/div>\n","protected":false},"author":1,"featured_media":68702,"comment_status":"closed","ping_status":"closed","sticky":false,"template":"","format":"standard","meta":{"jnews-multi-image_gallery":[],"jnews_single_post":[],"jnews_primary_category":[],"jnews_social_meta":[],"jnews_override_counter":[],"footnotes":""},"categories":[23],"tags":[],"class_list":["post-68701","post","type-post","status-publish","format-standard","has-post-thumbnail","hentry","category-politica_ro"],"_links":{"self":[{"href":"https:\/\/orheifm.live\/index.php\/wp-json\/wp\/v2\/posts\/68701","targetHints":{"allow":["GET"]}}],"collection":[{"href":"https:\/\/orheifm.live\/index.php\/wp-json\/wp\/v2\/posts"}],"about":[{"href":"https:\/\/orheifm.live\/index.php\/wp-json\/wp\/v2\/types\/post"}],"author":[{"embeddable":true,"href":"https:\/\/orheifm.live\/index.php\/wp-json\/wp\/v2\/users\/1"}],"replies":[{"embeddable":true,"href":"https:\/\/orheifm.live\/index.php\/wp-json\/wp\/v2\/comments?post=68701"}],"version-history":[{"count":0,"href":"https:\/\/orheifm.live\/index.php\/wp-json\/wp\/v2\/posts\/68701\/revisions"}],"wp:featuredmedia":[{"embeddable":true,"href":"https:\/\/orheifm.live\/index.php\/wp-json\/wp\/v2\/media\/68702"}],"wp:attachment":[{"href":"https:\/\/orheifm.live\/index.php\/wp-json\/wp\/v2\/media?parent=68701"}],"wp:term":[{"taxonomy":"category","embeddable":true,"href":"https:\/\/orheifm.live\/index.php\/wp-json\/wp\/v2\/categories?post=68701"},{"taxonomy":"post_tag","embeddable":true,"href":"https:\/\/orheifm.live\/index.php\/wp-json\/wp\/v2\/tags?post=68701"}],"curies":[{"name":"wp","href":"https:\/\/api.w.org\/{rel}","templated":true}]}}