{"id":68689,"date":"2025-03-09T14:56:07","date_gmt":"2025-03-09T12:56:07","guid":{"rendered":"https:\/\/orheifm.live\/index.php\/2025\/03\/09\/sustinatorii-lui-calin-georgescu-s-au-dus-la-depunerea-candidaturii-lui-crin-antonescu-la-alegerile-prezidentiale-citeste-intreaga-stire-sustinatorii-lui-calin-georgescu-s-au-dus-la-depunerea-candida\/"},"modified":"2025-03-09T14:56:07","modified_gmt":"2025-03-09T12:56:07","slug":"sustinatorii-lui-calin-georgescu-s-au-dus-la-depunerea-candidaturii-lui-crin-antonescu-la-alegerile-prezidentiale-citeste-intreaga-stire-sustinatorii-lui-calin-georgescu-s-au-dus-la-depunerea-candida","status":"publish","type":"post","link":"https:\/\/orheifm.live\/index.php\/2025\/03\/09\/sustinatorii-lui-calin-georgescu-s-au-dus-la-depunerea-candidaturii-lui-crin-antonescu-la-alegerile-prezidentiale-citeste-intreaga-stire-sustinatorii-lui-calin-georgescu-s-au-dus-la-depunerea-candida\/","title":{"rendered":"Sus\u021bin\u0103torii lui C\u0103lin Georgescu s-au dus la depunerea candidaturii lui Crin Antonescu la alegerile preziden\u021biale Cite\u015fte \u00eentreaga \u015ftire: Sus\u021bin\u0103torii lui C\u0103lin Georgescu s-au dus la depunerea candidaturii lui Crin Antonescu la alegerile preziden\u021biale"},"content":{"rendered":"<div>\n<p><strong>Sus\u021bin\u0103torii lui C\u0103lin Georgescu s-au adunat duminic\u0103, 9 martie, \u00een fa\u021ba sediului BEC, unde Crin Antonescu \u0219i-a depus candidatura pentru alegerile preziden\u021biale din 2025. <\/strong><\/p>\n<p>Aproape 60 de simpatizan\u021bi ai lui Georgescu au venit cu drapele \u0219i au scandat \u201eGeorgescu pre\u0219edinte\u201d, \u00een timp ce sus\u021bin\u0103torii lui Crin Antonescu au afi\u0219at pancarte cu mesajul \u201eCrin Antonescu pre\u0219edinte\u201d.<\/p>\n<p>C\u0103lin Georgescu \u0219i-a depus candidatura vineri, 7 martie, iar la evenimentul de duminic\u0103 au participat \u0219i George Simion, pre\u0219edintele AUR, \u0219i Anamaria Gavril\u0103, pre\u0219edinta POT. Crin Antonescu, candidatul sus\u021binut de PSD-PNL-UDMR, a declarat c\u0103 aceast\u0103 candidatur\u0103 a fost \u00eempiedicat\u0103 de mul\u021bi, dar este hot\u0103r\u00e2t s\u0103 continue lupta al\u0103turi de sus\u021bin\u0103torii s\u0103i pentru ca Rom\u00e2nia s\u0103 mearg\u0103 \u00eenainte.<\/p>\n<\/div>\n","protected":false},"excerpt":{"rendered":"<div><img loading=\"lazy\" decoding=\"async\" width=\"696\" height=\"391\" src=\"https:\/\/canal5.md\/wp-content\/uploads\/2025\/03\/sustinatori-calin-georgescu-bec-9-martie-2025-e1741523264303-1024x575-optimized.webp\" class=\"attachment-large size-large wp-post-image\" alt=\"\" srcset=\"https:\/\/canal5.md\/wp-content\/uploads\/2025\/03\/sustinatori-calin-georgescu-bec-9-martie-2025-e1741523264303-1024x575-optimized.webp 1024w, https:\/\/canal5.md\/wp-content\/uploads\/2025\/03\/sustinatori-calin-georgescu-bec-9-martie-2025-e1741523264303-300x169-optimized.webp 300w, https:\/\/canal5.md\/wp-content\/uploads\/2025\/03\/sustinatori-calin-georgescu-bec-9-martie-2025-e1741523264303-768x432-optimized.webp 768w, https:\/\/canal5.md\/wp-content\/uploads\/2025\/03\/sustinatori-calin-georgescu-bec-9-martie-2025-e1741523264303-696x391-optimized.webp 696w, https:\/\/canal5.md\/wp-content\/uploads\/2025\/03\/sustinatori-calin-georgescu-bec-9-martie-2025-e1741523264303-1068x600-optimized.webp 1068w, https:\/\/canal5.md\/wp-content\/uploads\/2025\/03\/sustinatori-calin-georgescu-bec-9-martie-2025-e1741523264303-optimized.webp 1260w\">Sus\u021bin\u0103torii lui C\u0103lin Georgescu s-au adunat duminic\u0103, 9 martie, \u00een fa\u021ba sediului BEC, unde Crin Antonescu \u0219i-a depus candidatura pentru alegerile preziden\u021biale din 2025. Aproape 60 de simpatizan\u021bi ai lui Georgescu au venit cu drapele \u0219i au scandat \u201eGeorgescu pre\u0219edinte\u201d, \u00een timp ce sus\u021bin\u0103torii lui Crin Antonescu au afi\u0219at pancarte cu mesajul \u201eCrin Antonescu pre\u0219edinte\u201d. [\u2026]<\/div>\n","protected":false},"author":1,"featured_media":68690,"comment_status":"closed","ping_status":"closed","sticky":false,"template":"","format":"standard","meta":{"jnews-multi-image_gallery":[],"jnews_single_post":[],"jnews_primary_category":[],"jnews_social_meta":[],"jnews_override_counter":[],"footnotes":""},"categories":[30],"tags":[],"class_list":["post-68689","post","type-post","status-publish","format-standard","has-post-thumbnail","hentry","category-social_ro"],"_links":{"self":[{"href":"https:\/\/orheifm.live\/index.php\/wp-json\/wp\/v2\/posts\/68689","targetHints":{"allow":["GET"]}}],"collection":[{"href":"https:\/\/orheifm.live\/index.php\/wp-json\/wp\/v2\/posts"}],"about":[{"href":"https:\/\/orheifm.live\/index.php\/wp-json\/wp\/v2\/types\/post"}],"author":[{"embeddable":true,"href":"https:\/\/orheifm.live\/index.php\/wp-json\/wp\/v2\/users\/1"}],"replies":[{"embeddable":true,"href":"https:\/\/orheifm.live\/index.php\/wp-json\/wp\/v2\/comments?post=68689"}],"version-history":[{"count":0,"href":"https:\/\/orheifm.live\/index.php\/wp-json\/wp\/v2\/posts\/68689\/revisions"}],"wp:featuredmedia":[{"embeddable":true,"href":"https:\/\/orheifm.live\/index.php\/wp-json\/wp\/v2\/media\/68690"}],"wp:attachment":[{"href":"https:\/\/orheifm.live\/index.php\/wp-json\/wp\/v2\/media?parent=68689"}],"wp:term":[{"taxonomy":"category","embeddable":true,"href":"https:\/\/orheifm.live\/index.php\/wp-json\/wp\/v2\/categories?post=68689"},{"taxonomy":"post_tag","embeddable":true,"href":"https:\/\/orheifm.live\/index.php\/wp-json\/wp\/v2\/tags?post=68689"}],"curies":[{"name":"wp","href":"https:\/\/api.w.org\/{rel}","templated":true}]}}