{"id":68685,"date":"2025-03-09T13:40:53","date_gmt":"2025-03-09T11:40:53","guid":{"rendered":"https:\/\/orheifm.live\/index.php\/2025\/03\/09\/baby-boom-la-gradina-zoologica-din-chisinau\/"},"modified":"2025-03-09T13:40:53","modified_gmt":"2025-03-09T11:40:53","slug":"baby-boom-la-gradina-zoologica-din-chisinau","status":"publish","type":"post","link":"https:\/\/orheifm.live\/index.php\/2025\/03\/09\/baby-boom-la-gradina-zoologica-din-chisinau\/","title":{"rendered":"Baby Boom la Gr\u0103dina Zoologic\u0103 din Chi\u0219in\u0103u"},"content":{"rendered":"<div>\n<p><strong>La Gr\u0103dina Zoologic\u0103 din Chi\u0219in\u0103u a avut loc un adev\u0103rat baby boom, cu na\u0219teri recente care \u00eenc\u00e2nt\u0103 vizitatorii. <\/strong><\/p>\n<p>Potrivit responsabililor institu\u021biei, pe lume au venit un pui de zebr\u0103, un pui de cangur, un muflon \u0219i doi miei.<\/p>\n<p>Puiul de cangur, care s-a n\u0103scut \u00een aceast\u0103 iarn\u0103, poate fi deja v\u0103zut cum \u00ee\u0219i scoate capul din marsupiul mamei, iar acest moment aduce o mare bucurie at\u00e2t personalului, c\u00e2t \u0219i celor care viziteaz\u0103 gr\u0103dina zoologic\u0103.<\/p>\n<\/div>\n","protected":false},"excerpt":{"rendered":"<div><img loading=\"lazy\" decoding=\"async\" width=\"696\" height=\"392\" src=\"https:\/\/canal5.md\/wp-content\/uploads\/2025\/03\/4102e02c-7b7e-4182-a670-34ca45e3d23d-1-optimized.png\" class=\"attachment-large size-large wp-post-image\" alt=\"\" srcset=\"https:\/\/canal5.md\/wp-content\/uploads\/2025\/03\/4102e02c-7b7e-4182-a670-34ca45e3d23d-1-optimized.png 800w, https:\/\/canal5.md\/wp-content\/uploads\/2025\/03\/4102e02c-7b7e-4182-a670-34ca45e3d23d-1-300x169-optimized.png 300w, https:\/\/canal5.md\/wp-content\/uploads\/2025\/03\/4102e02c-7b7e-4182-a670-34ca45e3d23d-1-768x432-optimized.png 768w, https:\/\/canal5.md\/wp-content\/uploads\/2025\/03\/4102e02c-7b7e-4182-a670-34ca45e3d23d-1-696x392-optimized.png 696w\">La Gr\u0103dina Zoologic\u0103 din Chi\u0219in\u0103u a avut loc un adev\u0103rat baby boom, cu na\u0219teri recente care \u00eenc\u00e2nt\u0103 vizitatorii. Potrivit responsabililor institu\u021biei, pe lume au venit un pui de zebr\u0103, un pui de cangur, un muflon \u0219i doi miei. Puiul de cangur, care s-a n\u0103scut \u00een aceast\u0103 iarn\u0103, poate fi deja v\u0103zut cum \u00ee\u0219i scoate capul [\u2026]<\/div>\n","protected":false},"author":1,"featured_media":68686,"comment_status":"closed","ping_status":"closed","sticky":false,"template":"","format":"standard","meta":{"jnews-multi-image_gallery":[],"jnews_single_post":[],"jnews_primary_category":[],"jnews_social_meta":[],"jnews_override_counter":[],"footnotes":""},"categories":[30],"tags":[],"class_list":["post-68685","post","type-post","status-publish","format-standard","has-post-thumbnail","hentry","category-social_ro"],"_links":{"self":[{"href":"https:\/\/orheifm.live\/index.php\/wp-json\/wp\/v2\/posts\/68685","targetHints":{"allow":["GET"]}}],"collection":[{"href":"https:\/\/orheifm.live\/index.php\/wp-json\/wp\/v2\/posts"}],"about":[{"href":"https:\/\/orheifm.live\/index.php\/wp-json\/wp\/v2\/types\/post"}],"author":[{"embeddable":true,"href":"https:\/\/orheifm.live\/index.php\/wp-json\/wp\/v2\/users\/1"}],"replies":[{"embeddable":true,"href":"https:\/\/orheifm.live\/index.php\/wp-json\/wp\/v2\/comments?post=68685"}],"version-history":[{"count":0,"href":"https:\/\/orheifm.live\/index.php\/wp-json\/wp\/v2\/posts\/68685\/revisions"}],"wp:featuredmedia":[{"embeddable":true,"href":"https:\/\/orheifm.live\/index.php\/wp-json\/wp\/v2\/media\/68686"}],"wp:attachment":[{"href":"https:\/\/orheifm.live\/index.php\/wp-json\/wp\/v2\/media?parent=68685"}],"wp:term":[{"taxonomy":"category","embeddable":true,"href":"https:\/\/orheifm.live\/index.php\/wp-json\/wp\/v2\/categories?post=68685"},{"taxonomy":"post_tag","embeddable":true,"href":"https:\/\/orheifm.live\/index.php\/wp-json\/wp\/v2\/tags?post=68685"}],"curies":[{"name":"wp","href":"https:\/\/api.w.org\/{rel}","templated":true}]}}