{"id":68683,"date":"2025-03-09T13:20:30","date_gmt":"2025-03-09T11:20:30","guid":{"rendered":"https:\/\/orheifm.live\/index.php\/2025\/03\/09\/igor-cuciuc-in-lacrimi-vorbind-despre-visurile-neimplinite-ale-fiicei-sale\/"},"modified":"2025-03-09T13:20:30","modified_gmt":"2025-03-09T11:20:30","slug":"igor-cuciuc-in-lacrimi-vorbind-despre-visurile-neimplinite-ale-fiicei-sale","status":"publish","type":"post","link":"https:\/\/orheifm.live\/index.php\/2025\/03\/09\/igor-cuciuc-in-lacrimi-vorbind-despre-visurile-neimplinite-ale-fiicei-sale\/","title":{"rendered":"Igor Cuciuc, \u00een lacrimi vorbind despre visurile ne\u00eemplinite ale fiicei sale"},"content":{"rendered":"<div>\n<p><strong>C\u00e2nt\u0103re\u021bul de muzic\u0103 popular\u0103 Igor Cuciuc nu \u0219i-a putut st\u0103p\u00e2ni lacrimile \u00een platoul televiziunii na\u021bionale, \u00een timp ce vorbea despre fiica sa, Andreea, care \u0219i-a pierdut via\u021ba la doar 17 ani. Artistul a dezv\u0103luit visurile ne\u00eemplinite ale tinerei, care visa s\u0103 urce pe scene mari \u0219i s\u0103 c\u00e2\u0219tige concursuri muzicale, inclusiv Eurovisionul.<\/strong><\/p>\n<p>Tat\u0103l \u00eendurerat a povestit c\u0103 Andreea am\u00e2na momentul particip\u0103rii pentru a-\u0219i perfec\u021biona vocea, spun\u00e2ndu-i: \u201eTat\u0103, a\u0219teapt\u0103 \u00eenc\u0103 trei ani de zile, o s\u0103 m\u0103 maturizez \u0219i o s\u0103 fiu preg\u0103tit\u0103 s\u0103 m\u0103 duc la Vocea Rom\u00e2niei sau s\u0103 ne reprezint la Eurovision.\u201d<\/p>\n<p>Igor Cuciuc \u00eencerca s\u0103-i insufle dragostea pentru muzica popular\u0103, \u00eens\u0103 fiica sa avea alte preferin\u021be \u0219i dorea s\u0103 c\u00e2nte \u00een genuri precum muzica italian\u0103, francez\u0103 sau spaniol\u0103 \u0219i chiar compunea propriile melodii.<\/p>\n<p>Andreea a murit \u00eentr-o ber\u0103rie, dup\u0103 petrecerea de Bal al Bobocilor de la liceul \u201e\u0218tefan Neaga\u201d, pe 15 noiembrie 2024. Dou\u0103 echipaje medicale au intervenit pentru a o salva, dar din p\u0103cate nu a fost posibil. Autopsia a stabilit c\u0103 a suferit un stop cardiac.<\/p>\n<\/div>\n","protected":false},"excerpt":{"rendered":"<div><img loading=\"lazy\" decoding=\"async\" width=\"696\" height=\"392\" src=\"https:\/\/canal5.md\/wp-content\/uploads\/2025\/03\/d9d4d8ddbdd4da41c5bb86e5ced1c387-optimized.jpg\" class=\"attachment-large size-large wp-post-image\" alt=\"\" srcset=\"https:\/\/canal5.md\/wp-content\/uploads\/2025\/03\/d9d4d8ddbdd4da41c5bb86e5ced1c387-optimized.jpg 809w, https:\/\/canal5.md\/wp-content\/uploads\/2025\/03\/d9d4d8ddbdd4da41c5bb86e5ced1c387-300x169-optimized.jpg 300w, https:\/\/canal5.md\/wp-content\/uploads\/2025\/03\/d9d4d8ddbdd4da41c5bb86e5ced1c387-768x433-optimized.jpg 768w, https:\/\/canal5.md\/wp-content\/uploads\/2025\/03\/d9d4d8ddbdd4da41c5bb86e5ced1c387-696x392-optimized.jpg 696w\">C\u00e2nt\u0103re\u021bul de muzic\u0103 popular\u0103 Igor Cuciuc nu \u0219i-a putut st\u0103p\u00e2ni lacrimile \u00een platoul televiziunii na\u021bionale, \u00een timp ce vorbea despre fiica sa, Andreea, care \u0219i-a pierdut via\u021ba la doar 17 ani. Artistul a dezv\u0103luit visurile ne\u00eemplinite ale tinerei, care visa s\u0103 urce pe scene mari \u0219i s\u0103 c\u00e2\u0219tige concursuri muzicale, inclusiv Eurovisionul. Tat\u0103l \u00eendurerat a [\u2026]<\/div>\n","protected":false},"author":1,"featured_media":68684,"comment_status":"closed","ping_status":"closed","sticky":false,"template":"","format":"standard","meta":{"jnews-multi-image_gallery":[],"jnews_single_post":[],"jnews_primary_category":[],"jnews_social_meta":[],"jnews_override_counter":[],"footnotes":""},"categories":[30],"tags":[],"class_list":["post-68683","post","type-post","status-publish","format-standard","has-post-thumbnail","hentry","category-social_ro"],"_links":{"self":[{"href":"https:\/\/orheifm.live\/index.php\/wp-json\/wp\/v2\/posts\/68683","targetHints":{"allow":["GET"]}}],"collection":[{"href":"https:\/\/orheifm.live\/index.php\/wp-json\/wp\/v2\/posts"}],"about":[{"href":"https:\/\/orheifm.live\/index.php\/wp-json\/wp\/v2\/types\/post"}],"author":[{"embeddable":true,"href":"https:\/\/orheifm.live\/index.php\/wp-json\/wp\/v2\/users\/1"}],"replies":[{"embeddable":true,"href":"https:\/\/orheifm.live\/index.php\/wp-json\/wp\/v2\/comments?post=68683"}],"version-history":[{"count":0,"href":"https:\/\/orheifm.live\/index.php\/wp-json\/wp\/v2\/posts\/68683\/revisions"}],"wp:featuredmedia":[{"embeddable":true,"href":"https:\/\/orheifm.live\/index.php\/wp-json\/wp\/v2\/media\/68684"}],"wp:attachment":[{"href":"https:\/\/orheifm.live\/index.php\/wp-json\/wp\/v2\/media?parent=68683"}],"wp:term":[{"taxonomy":"category","embeddable":true,"href":"https:\/\/orheifm.live\/index.php\/wp-json\/wp\/v2\/categories?post=68683"},{"taxonomy":"post_tag","embeddable":true,"href":"https:\/\/orheifm.live\/index.php\/wp-json\/wp\/v2\/tags?post=68683"}],"curies":[{"name":"wp","href":"https:\/\/api.w.org\/{rel}","templated":true}]}}