{"id":68679,"date":"2025-03-09T12:40:55","date_gmt":"2025-03-09T10:40:55","guid":{"rendered":"https:\/\/orheifm.live\/index.php\/2025\/03\/09\/tragedie-dubla-intr-o-familie-din-austria-fiul-de-29-de-ani-moare-pe-acelasi-drum-unde-acum-doi-ani-sora-sa-a-pierit\/"},"modified":"2025-03-09T12:40:55","modified_gmt":"2025-03-09T10:40:55","slug":"tragedie-dubla-intr-o-familie-din-austria-fiul-de-29-de-ani-moare-pe-acelasi-drum-unde-acum-doi-ani-sora-sa-a-pierit","status":"publish","type":"post","link":"https:\/\/orheifm.live\/index.php\/2025\/03\/09\/tragedie-dubla-intr-o-familie-din-austria-fiul-de-29-de-ani-moare-pe-acelasi-drum-unde-acum-doi-ani-sora-sa-a-pierit\/","title":{"rendered":"Tragedie dubl\u0103 \u00eentr-o familie din Austria: Fiul de 29 de ani moare pe acela\u0219i drum unde, acum doi ani, sora sa a pierit"},"content":{"rendered":"<div>\n<p><strong>O familie din Niederneukirchen, Austria, tr\u0103ie\u0219te o nou\u0103 tragedie dup\u0103 ce fiul lor de 29 de ani a murit \u00eentr-un accident rutier pe acela\u0219i drum unde, acum doi ani, \u0219i-a pierdut via\u021ba sora sa<\/strong><\/p>\n<p>Accidentul a avut loc miercuri diminea\u021ba, \u00een jurul orei 6:14, pe drumul na\u021bional 564. T\u00e2n\u0103rul conducea un Hyundai i20 c\u00e2nd, pe o por\u021biune dreapt\u0103 a drumului, a pierdut inexplicabil controlul volanului. Ma\u0219ina a intrat pe contrasens \u0219i s-a izbit violent de un camion care venea din sens opus. Ambele vehicule au fost aruncate \u00een \u0219an\u021b. \u0218oferul camionului a sc\u0103pat cu r\u0103ni u\u0219oare, \u00eens\u0103 t\u00e2n\u0103rul din autoturism nu a supravie\u021buit.<\/p>\n<p>Ironia sor\u021bii este c\u0103 sora lui a murit \u00een diminea\u021ba zilei de 14 iulie 2023, la doar patru kilometri distan\u021b\u0103 de locul accidentului curent. Atunci, \u0219i ea a fost implicat\u0103 \u00eentr-un accident similar, cu o ma\u0219in\u0103 ro\u0219ie \u0219i un impact frontal cu un camion. T\u00e2n\u0103ra de 25 de ani nu a supravie\u021buit.<\/p>\n<p>Comunitatea din Niederneukirchen este \u0219ocat\u0103, iar familia \u00eendurerat\u0103 trebuie s\u0103 fac\u0103 fa\u021b\u0103 unei pierderi devastatoare pentru a doua oar\u0103. Autorit\u0103\u021bile investigheaz\u0103 cauzele accidentului, \u00eens\u0103 nu au g\u0103sit \u00eenc\u0103 o explica\u021bie clar\u0103 privind modul \u00een care s-a produs tragedia.<\/p>\n<\/div>\n","protected":false},"excerpt":{"rendered":"<div><img loading=\"lazy\" decoding=\"async\" width=\"696\" height=\"392\" src=\"https:\/\/canal5.md\/wp-content\/uploads\/2025\/03\/fa79ff6253ab19994408015f580cf5f35f6751b4c0aa18085565c5165a9707ae-optimized.png\" class=\"attachment-large size-large wp-post-image\" alt=\"\" srcset=\"https:\/\/canal5.md\/wp-content\/uploads\/2025\/03\/fa79ff6253ab19994408015f580cf5f35f6751b4c0aa18085565c5165a9707ae-optimized.png 800w, https:\/\/canal5.md\/wp-content\/uploads\/2025\/03\/fa79ff6253ab19994408015f580cf5f35f6751b4c0aa18085565c5165a9707ae-300x169-optimized.png 300w, https:\/\/canal5.md\/wp-content\/uploads\/2025\/03\/fa79ff6253ab19994408015f580cf5f35f6751b4c0aa18085565c5165a9707ae-768x432-optimized.png 768w, https:\/\/canal5.md\/wp-content\/uploads\/2025\/03\/fa79ff6253ab19994408015f580cf5f35f6751b4c0aa18085565c5165a9707ae-696x392-optimized.png 696w\">O familie din Niederneukirchen, Austria, tr\u0103ie\u0219te o nou\u0103 tragedie dup\u0103 ce fiul lor de 29 de ani a murit \u00eentr-un accident rutier pe acela\u0219i drum unde, acum doi ani, \u0219i-a pierdut via\u021ba sora sa Accidentul a avut loc miercuri diminea\u021ba, \u00een jurul orei 6:14, pe drumul na\u021bional 564. T\u00e2n\u0103rul conducea un Hyundai i20 c\u00e2nd, pe [\u2026]<\/div>\n","protected":false},"author":1,"featured_media":68680,"comment_status":"closed","ping_status":"closed","sticky":false,"template":"","format":"standard","meta":{"jnews-multi-image_gallery":[],"jnews_single_post":[],"jnews_primary_category":[],"jnews_social_meta":[],"jnews_override_counter":[],"footnotes":""},"categories":[30],"tags":[],"class_list":["post-68679","post","type-post","status-publish","format-standard","has-post-thumbnail","hentry","category-social_ro"],"_links":{"self":[{"href":"https:\/\/orheifm.live\/index.php\/wp-json\/wp\/v2\/posts\/68679","targetHints":{"allow":["GET"]}}],"collection":[{"href":"https:\/\/orheifm.live\/index.php\/wp-json\/wp\/v2\/posts"}],"about":[{"href":"https:\/\/orheifm.live\/index.php\/wp-json\/wp\/v2\/types\/post"}],"author":[{"embeddable":true,"href":"https:\/\/orheifm.live\/index.php\/wp-json\/wp\/v2\/users\/1"}],"replies":[{"embeddable":true,"href":"https:\/\/orheifm.live\/index.php\/wp-json\/wp\/v2\/comments?post=68679"}],"version-history":[{"count":0,"href":"https:\/\/orheifm.live\/index.php\/wp-json\/wp\/v2\/posts\/68679\/revisions"}],"wp:featuredmedia":[{"embeddable":true,"href":"https:\/\/orheifm.live\/index.php\/wp-json\/wp\/v2\/media\/68680"}],"wp:attachment":[{"href":"https:\/\/orheifm.live\/index.php\/wp-json\/wp\/v2\/media?parent=68679"}],"wp:term":[{"taxonomy":"category","embeddable":true,"href":"https:\/\/orheifm.live\/index.php\/wp-json\/wp\/v2\/categories?post=68679"},{"taxonomy":"post_tag","embeddable":true,"href":"https:\/\/orheifm.live\/index.php\/wp-json\/wp\/v2\/tags?post=68679"}],"curies":[{"name":"wp","href":"https:\/\/api.w.org\/{rel}","templated":true}]}}