{"id":68677,"date":"2025-03-09T12:39:10","date_gmt":"2025-03-09T10:39:10","guid":{"rendered":"https:\/\/orheifm.live\/index.php\/2025\/03\/09\/accident-cu-trei-automobile-in-bender\/"},"modified":"2025-03-09T12:39:10","modified_gmt":"2025-03-09T10:39:10","slug":"accident-cu-trei-automobile-in-bender","status":"publish","type":"post","link":"https:\/\/orheifm.live\/index.php\/2025\/03\/09\/accident-cu-trei-automobile-in-bender\/","title":{"rendered":"Accident cu trei automobile \u00een Bender"},"content":{"rendered":"<div>\n<p data-start=\"43\" data-end=\"252\"><strong>\u00cen seara precedent\u0103, pe strada Comunist\u0103, un \u201eBMW\u201d negru vira la st\u00e2nga, f\u0103r\u0103 s\u0103 acorde prioritate unui \u201eBMW\u201d argintiu.<\/strong><\/p>\n<p data-start=\"43\" data-end=\"252\">\u00cen urma coliziunii, una dintre ma\u0219ini a fost aruncat\u0103 pe un \u201eFord\u201d care trecea pe l\u00e2ng\u0103.<\/p>\n<p data-start=\"254\" data-end=\"396\" data-is-last-node=\"\" data-is-only-node=\"\">To\u021bi participan\u021bii la accident au supravie\u021buit. \u0218oferul de 27 de ani al \u201eBMW\u201d-ului argintiu a suferit r\u0103ni \u0219i acum se afl\u0103 \u00een tratament acas\u0103.<\/p>\n<\/div>\n","protected":false},"excerpt":{"rendered":"<div><img loading=\"lazy\" decoding=\"async\" width=\"696\" height=\"928\" src=\"https:\/\/canal5.md\/wp-content\/uploads\/2025\/03\/photo_2025-03-09_12-29-18-768x1024-optimized.jpg\" class=\"attachment-large size-large wp-post-image\" alt=\"\" srcset=\"https:\/\/canal5.md\/wp-content\/uploads\/2025\/03\/photo_2025-03-09_12-29-18-768x1024-optimized.jpg 768w, https:\/\/canal5.md\/wp-content\/uploads\/2025\/03\/photo_2025-03-09_12-29-18-225x300-optimized.jpg 225w, https:\/\/canal5.md\/wp-content\/uploads\/2025\/03\/photo_2025-03-09_12-29-18-696x928-optimized.jpg 696w, https:\/\/canal5.md\/wp-content\/uploads\/2025\/03\/photo_2025-03-09_12-29-18-optimized.jpg 960w\">\u00cen seara precedent\u0103, pe strada Comunist\u0103, un \u201eBMW\u201d negru vira la st\u00e2nga, f\u0103r\u0103 s\u0103 acorde prioritate unui \u201eBMW\u201d argintiu. \u00cen urma coliziunii, una dintre ma\u0219ini a fost aruncat\u0103 pe un \u201eFord\u201d care trecea pe l\u00e2ng\u0103. To\u021bi participan\u021bii la accident au supravie\u021buit. \u0218oferul de 27 de ani al \u201eBMW\u201d-ului argintiu a suferit r\u0103ni \u0219i acum se [\u2026]<\/div>\n","protected":false},"author":1,"featured_media":68678,"comment_status":"closed","ping_status":"closed","sticky":false,"template":"","format":"standard","meta":{"jnews-multi-image_gallery":[],"jnews_single_post":[],"jnews_primary_category":[],"jnews_social_meta":[],"jnews_override_counter":[],"footnotes":""},"categories":[30],"tags":[],"class_list":["post-68677","post","type-post","status-publish","format-standard","has-post-thumbnail","hentry","category-social_ro"],"_links":{"self":[{"href":"https:\/\/orheifm.live\/index.php\/wp-json\/wp\/v2\/posts\/68677","targetHints":{"allow":["GET"]}}],"collection":[{"href":"https:\/\/orheifm.live\/index.php\/wp-json\/wp\/v2\/posts"}],"about":[{"href":"https:\/\/orheifm.live\/index.php\/wp-json\/wp\/v2\/types\/post"}],"author":[{"embeddable":true,"href":"https:\/\/orheifm.live\/index.php\/wp-json\/wp\/v2\/users\/1"}],"replies":[{"embeddable":true,"href":"https:\/\/orheifm.live\/index.php\/wp-json\/wp\/v2\/comments?post=68677"}],"version-history":[{"count":0,"href":"https:\/\/orheifm.live\/index.php\/wp-json\/wp\/v2\/posts\/68677\/revisions"}],"wp:featuredmedia":[{"embeddable":true,"href":"https:\/\/orheifm.live\/index.php\/wp-json\/wp\/v2\/media\/68678"}],"wp:attachment":[{"href":"https:\/\/orheifm.live\/index.php\/wp-json\/wp\/v2\/media?parent=68677"}],"wp:term":[{"taxonomy":"category","embeddable":true,"href":"https:\/\/orheifm.live\/index.php\/wp-json\/wp\/v2\/categories?post=68677"},{"taxonomy":"post_tag","embeddable":true,"href":"https:\/\/orheifm.live\/index.php\/wp-json\/wp\/v2\/tags?post=68677"}],"curies":[{"name":"wp","href":"https:\/\/api.w.org\/{rel}","templated":true}]}}