{"id":68671,"date":"2025-03-09T11:40:04","date_gmt":"2025-03-09T09:40:04","guid":{"rendered":"https:\/\/orheifm.live\/index.php\/2025\/03\/09\/moldovenii-din-grecia-isi-pot-preschimba-permisul-auto-fara-examene\/"},"modified":"2025-03-09T11:40:04","modified_gmt":"2025-03-09T09:40:04","slug":"moldovenii-din-grecia-isi-pot-preschimba-permisul-auto-fara-examene","status":"publish","type":"post","link":"https:\/\/orheifm.live\/index.php\/2025\/03\/09\/moldovenii-din-grecia-isi-pot-preschimba-permisul-auto-fara-examene\/","title":{"rendered":"Moldovenii din Grecia \u00ee\u0219i pot preschimba permisul auto f\u0103r\u0103 examene"},"content":{"rendered":"<div>\n<p data-start=\"75\" data-end=\"401\"><strong>\u00cencep\u00e2nd cu 6 martie 2025, moldovenii care locuiesc \u00een Grecia \u00ee\u0219i pot preschimba permisul de conducere f\u0103r\u0103 a sus\u021bine examene teoretice sau practice. Acest lucru este posibil datorit\u0103 Acordului dintre Republica Moldova \u0219i Grecia privind recunoa\u0219terea reciproc\u0103 \u0219i conversia permiselor auto, care a intrat oficial \u00een vigoare.<\/strong><\/p>\n<p data-start=\"403\" data-end=\"556\">Pentru a facilita acest proces \u0219i a oferi clarific\u0103ri, Ambasada Republicii Moldova la Atena va organiza \u00eent\u00e2lniri cu diaspora moldoveneasc\u0103 din Grecia.<\/p>\n<p data-start=\"558\" data-end=\"727\" data-is-last-node=\"\" data-is-only-node=\"\">Moldova mai are acorduri similare cu Israel, Turcia, Albania, Spania, Lituania, Fran\u021ba, iar cu Germania exist\u0103 o declara\u021bie privind transcrierea permiselor de conducere.<\/p>\n<\/div>\n","protected":false},"excerpt":{"rendered":"<div><img loading=\"lazy\" decoding=\"async\" width=\"696\" height=\"392\" src=\"https:\/\/canal5.md\/wp-content\/uploads\/2025\/03\/665f70e6dcf24c9bb38ac00e800d0486442c54a654657f55c35de8bfd19d14ff-1024x576-optimized.png\" class=\"attachment-large size-large wp-post-image\" alt=\"\" srcset=\"https:\/\/canal5.md\/wp-content\/uploads\/2025\/03\/665f70e6dcf24c9bb38ac00e800d0486442c54a654657f55c35de8bfd19d14ff-1024x576-optimized.png 1024w, https:\/\/canal5.md\/wp-content\/uploads\/2025\/03\/665f70e6dcf24c9bb38ac00e800d0486442c54a654657f55c35de8bfd19d14ff-300x169-optimized.png 300w, https:\/\/canal5.md\/wp-content\/uploads\/2025\/03\/665f70e6dcf24c9bb38ac00e800d0486442c54a654657f55c35de8bfd19d14ff-768x432-optimized.png 768w, https:\/\/canal5.md\/wp-content\/uploads\/2025\/03\/665f70e6dcf24c9bb38ac00e800d0486442c54a654657f55c35de8bfd19d14ff-696x392-optimized.png 696w, https:\/\/canal5.md\/wp-content\/uploads\/2025\/03\/665f70e6dcf24c9bb38ac00e800d0486442c54a654657f55c35de8bfd19d14ff-1068x601-optimized.png 1068w, https:\/\/canal5.md\/wp-content\/uploads\/2025\/03\/665f70e6dcf24c9bb38ac00e800d0486442c54a654657f55c35de8bfd19d14ff-optimized.png 1200w\">\u00cencep\u00e2nd cu 6 martie 2025, moldovenii care locuiesc \u00een Grecia \u00ee\u0219i pot preschimba permisul de conducere f\u0103r\u0103 a sus\u021bine examene teoretice sau practice. Acest lucru este posibil datorit\u0103 Acordului dintre Republica Moldova \u0219i Grecia privind recunoa\u0219terea reciproc\u0103 \u0219i conversia permiselor auto, care a intrat oficial \u00een vigoare. Pentru a facilita acest proces \u0219i a oferi [\u2026]<\/div>\n","protected":false},"author":1,"featured_media":68672,"comment_status":"closed","ping_status":"closed","sticky":false,"template":"","format":"standard","meta":{"jnews-multi-image_gallery":[],"jnews_single_post":[],"jnews_primary_category":[],"jnews_social_meta":[],"jnews_override_counter":[],"footnotes":""},"categories":[30],"tags":[],"class_list":["post-68671","post","type-post","status-publish","format-standard","has-post-thumbnail","hentry","category-social_ro"],"_links":{"self":[{"href":"https:\/\/orheifm.live\/index.php\/wp-json\/wp\/v2\/posts\/68671","targetHints":{"allow":["GET"]}}],"collection":[{"href":"https:\/\/orheifm.live\/index.php\/wp-json\/wp\/v2\/posts"}],"about":[{"href":"https:\/\/orheifm.live\/index.php\/wp-json\/wp\/v2\/types\/post"}],"author":[{"embeddable":true,"href":"https:\/\/orheifm.live\/index.php\/wp-json\/wp\/v2\/users\/1"}],"replies":[{"embeddable":true,"href":"https:\/\/orheifm.live\/index.php\/wp-json\/wp\/v2\/comments?post=68671"}],"version-history":[{"count":0,"href":"https:\/\/orheifm.live\/index.php\/wp-json\/wp\/v2\/posts\/68671\/revisions"}],"wp:featuredmedia":[{"embeddable":true,"href":"https:\/\/orheifm.live\/index.php\/wp-json\/wp\/v2\/media\/68672"}],"wp:attachment":[{"href":"https:\/\/orheifm.live\/index.php\/wp-json\/wp\/v2\/media?parent=68671"}],"wp:term":[{"taxonomy":"category","embeddable":true,"href":"https:\/\/orheifm.live\/index.php\/wp-json\/wp\/v2\/categories?post=68671"},{"taxonomy":"post_tag","embeddable":true,"href":"https:\/\/orheifm.live\/index.php\/wp-json\/wp\/v2\/tags?post=68671"}],"curies":[{"name":"wp","href":"https:\/\/api.w.org\/{rel}","templated":true}]}}