{"id":68669,"date":"2025-03-09T11:15:09","date_gmt":"2025-03-09T09:15:09","guid":{"rendered":"https:\/\/orheifm.live\/index.php\/2025\/03\/09\/detalii-noi-despre-cazul-fatal-de-meningita-la-chisinau\/"},"modified":"2025-03-09T11:15:09","modified_gmt":"2025-03-09T09:15:09","slug":"detalii-noi-despre-cazul-fatal-de-meningita-la-chisinau","status":"publish","type":"post","link":"https:\/\/orheifm.live\/index.php\/2025\/03\/09\/detalii-noi-despre-cazul-fatal-de-meningita-la-chisinau\/","title":{"rendered":"Detalii noi despre cazul fatal de meningit\u0103 la Chi\u0219in\u0103u"},"content":{"rendered":"<div>\n<p data-start=\"37\" data-end=\"511\"><strong>Un b\u0103iat \u00een v\u00e2rst\u0103 de doar \u0219ase ani, care suferea de o form\u0103 sever\u0103 de meningit\u0103, a murit la Spitalul \u201eValentin Ignatenco\u201d din Chi\u0219in\u0103u. Potrivit medicilor, primele simptome ale bolii au ap\u0103rut pe 1 martie. A doua zi, starea lui s-a agravat rapid, iar b\u0103iatul a decedat la scurt timp dup\u0103 internare. Starea pacientului era extrem de grav\u0103, cu afectarea sever\u0103 a func\u021biilor vitale, inclusiv tulbur\u0103ri circulatorii, hipotensiune \u0219i alterarea st\u0103rii de con\u0219tiin\u021b\u0103.<\/strong><\/p>\n<p data-start=\"513\" data-end=\"1214\">\u201ePrimele simptome au ap\u0103rut pe 1 martie \u0219i au \u00eenceput cu febr\u0103 \u00eenalt\u0103 pentru care s-a administrat tratament simptomatic la domiciliu. \u00cen diminea\u021ba de 2 martie, febra a recidivat, iar \u00een jurul orei 12:30 au fost observate erup\u021bii hemoragice pe membrele superioare care s-au extins rapid pe \u00eentregul corp. Starea pacientului s-a deteriorat brusc \u0219i a \u00eenceput s\u0103 manifesteze letargie \u0219i somnolen\u021b\u0103 accentuate. Motiv pentru care la 13:30 familia a solicitat interven\u021bia serviciului de urgen\u021b\u0103. La momentul intern\u0103rii, echipa medical\u0103 a ini\u021biat imediat m\u0103suri complexe de resuscitare \u0219i tratament intensiv,\u201d a declarat Veronica Istrate, ofi\u021berul de pres\u0103 al Spitalului Clinic de Copii \u201eValentin Ignatenco\u201d.<\/p>\n<p data-start=\"1216\" data-end=\"1327\">Din p\u0103cate, boala a evoluat rapid, iar dup\u0103 o or\u0103 \u0219i 38 de minute de la internare, copilul s-a stins din via\u021b\u0103.<\/p>\n<p data-start=\"1329\" data-end=\"1621\">Meningita este o inflama\u021bie a membranelor de protec\u021bie care \u00eenvelesc creierul \u0219i m\u0103duva spin\u0103rii \u0219i necesit\u0103 \u00eengrijiri medicale de urgen\u021b\u0103. Potrivit epidemiologilor, meningita provocat\u0103 de bacterii sau viru\u0219i se poate r\u0103sp\u00e2ndi prin str\u0103nut, tuse, s\u0103rut sau prin folosirea acelora\u0219i tac\u00e2muri.<\/p>\n<p data-start=\"1623\" data-end=\"2178\">\u201eEste cauzat\u0103 de bacteria Neisseria Meningitidis \u0219i acest tip de bacterie cauzeaz\u0103 boli ca meningita sau poate fi o infec\u021bie sangvin\u0103 cum ar fi septicemia. Simptomele adeseori includ febr\u0103 p\u00e2n\u0103 la 40 de grade, dureri severe de cap, grea\u021b\u0103, v\u0103rs\u0103turi, sensibilitate la lumin\u0103, respira\u021bie accelerat\u0103 \u0219i \u00een acest caz trebuie neap\u0103rat s\u0103 fie adresare c\u0103tre asisten\u021ba medical\u0103, pentru c\u0103 asta este o urgen\u021b\u0103. Adresarea c\u00e2t mai devreme la medic este vital\u0103,\u201d a declarat Laura \u021aurcan, medic specialist \u00een cadrul Agen\u021biei Na\u021bionale pentru S\u0103n\u0103tate Public\u0103 (ANSP).<\/p>\n<p data-start=\"2180\" data-end=\"2521\">Infec\u021bia afecteaz\u0103 \u00een mare parte copiii, cea mai vulnerabil\u0103 fiind grupa de v\u00e2rst\u0103 0-6 ani. Republica Moldova nu dispune de vaccin specific pentru meningit\u0103. Ministerul S\u0103n\u0103t\u0103\u021bii a ini\u021biat procedura de achizi\u021bionare a unui lot de vaccin contra acestei infec\u021bii. Compania Na\u021bional\u0103 de Asigur\u0103ri \u00een Medicin\u0103 va aloca peste 4,9 milioane de lei.<\/p>\n<p data-start=\"2523\" data-end=\"2798\">\u201eM\u0103 bucur\u0103 s\u0103 avem acest vaccin, deoarece meningita este o boal\u0103 foarte grav\u0103. De obicei, decurge adesea fulminant \u0219i se finalizeaz\u0103 cu decese. Le recomand p\u0103rin\u021bilor s\u0103 utilizeze aceast\u0103 oportunitate \u0219i s\u0103 \u00ee\u0219i vaccineze copiii,\u201d a declarat Ala Nemerenco, ministra S\u0103n\u0103t\u0103\u021bii.<\/p>\n<p data-start=\"2800\" data-end=\"3232\">\u00cen acest an, \u00een R. Moldova au fost \u00eenregistrate \u0219ase cazuri de meningit\u0103, toate la copii. Anul trecut, au fost 13 cazuri, majoritatea fiind \u00eenregistrate \u00een lunile ianuarie-februarie, perioada de r\u0103sp\u00e2ndire a infec\u021biei. Potrivit autorit\u0103\u021bilor, \u00een ultimii zece ani, \u00een Republica Moldova au fost \u00eenregistrate peste 220 de cazuri de infec\u021bie meningococic\u0103, dintre care 60% la copiii sub doi ani. Rata de mortalitate a fost de peste 20%.<\/p>\n<\/div>\n","protected":false},"excerpt":{"rendered":"<div><img loading=\"lazy\" decoding=\"async\" width=\"696\" height=\"365\" src=\"https:\/\/canal5.md\/wp-content\/uploads\/2025\/03\/11c7f26c4a1907b9d8e0752421027f3c-optimized.jpg\" class=\"attachment-large size-large wp-post-image\" alt=\"\" srcset=\"https:\/\/canal5.md\/wp-content\/uploads\/2025\/03\/11c7f26c4a1907b9d8e0752421027f3c-optimized.jpg 800w, https:\/\/canal5.md\/wp-content\/uploads\/2025\/03\/11c7f26c4a1907b9d8e0752421027f3c-300x157-optimized.jpg 300w, https:\/\/canal5.md\/wp-content\/uploads\/2025\/03\/11c7f26c4a1907b9d8e0752421027f3c-768x402-optimized.jpg 768w, https:\/\/canal5.md\/wp-content\/uploads\/2025\/03\/11c7f26c4a1907b9d8e0752421027f3c-696x365-optimized.jpg 696w\">Un b\u0103iat \u00een v\u00e2rst\u0103 de doar \u0219ase ani, care suferea de o form\u0103 sever\u0103 de meningit\u0103, a murit la Spitalul \u201eValentin Ignatenco\u201d din Chi\u0219in\u0103u. Potrivit medicilor, primele simptome ale bolii au ap\u0103rut pe 1 martie. A doua zi, starea lui s-a agravat rapid, iar b\u0103iatul a decedat la scurt timp dup\u0103 internare. Starea pacientului era [\u2026]<\/div>\n","protected":false},"author":1,"featured_media":68670,"comment_status":"closed","ping_status":"closed","sticky":false,"template":"","format":"standard","meta":{"jnews-multi-image_gallery":[],"jnews_single_post":[],"jnews_primary_category":[],"jnews_social_meta":[],"jnews_override_counter":[],"footnotes":""},"categories":[30],"tags":[],"class_list":["post-68669","post","type-post","status-publish","format-standard","has-post-thumbnail","hentry","category-social_ro"],"_links":{"self":[{"href":"https:\/\/orheifm.live\/index.php\/wp-json\/wp\/v2\/posts\/68669","targetHints":{"allow":["GET"]}}],"collection":[{"href":"https:\/\/orheifm.live\/index.php\/wp-json\/wp\/v2\/posts"}],"about":[{"href":"https:\/\/orheifm.live\/index.php\/wp-json\/wp\/v2\/types\/post"}],"author":[{"embeddable":true,"href":"https:\/\/orheifm.live\/index.php\/wp-json\/wp\/v2\/users\/1"}],"replies":[{"embeddable":true,"href":"https:\/\/orheifm.live\/index.php\/wp-json\/wp\/v2\/comments?post=68669"}],"version-history":[{"count":0,"href":"https:\/\/orheifm.live\/index.php\/wp-json\/wp\/v2\/posts\/68669\/revisions"}],"wp:featuredmedia":[{"embeddable":true,"href":"https:\/\/orheifm.live\/index.php\/wp-json\/wp\/v2\/media\/68670"}],"wp:attachment":[{"href":"https:\/\/orheifm.live\/index.php\/wp-json\/wp\/v2\/media?parent=68669"}],"wp:term":[{"taxonomy":"category","embeddable":true,"href":"https:\/\/orheifm.live\/index.php\/wp-json\/wp\/v2\/categories?post=68669"},{"taxonomy":"post_tag","embeddable":true,"href":"https:\/\/orheifm.live\/index.php\/wp-json\/wp\/v2\/tags?post=68669"}],"curies":[{"name":"wp","href":"https:\/\/api.w.org\/{rel}","templated":true}]}}