{"id":68665,"date":"2025-03-09T10:20:37","date_gmt":"2025-03-09T08:20:37","guid":{"rendered":"https:\/\/orheifm.live\/index.php\/2025\/03\/09\/prognoza-meteo-pentru-chisinau-soare-si-temperaturi-in-crestere\/"},"modified":"2025-03-09T10:20:37","modified_gmt":"2025-03-09T08:20:37","slug":"prognoza-meteo-pentru-chisinau-soare-si-temperaturi-in-crestere","status":"publish","type":"post","link":"https:\/\/orheifm.live\/index.php\/2025\/03\/09\/prognoza-meteo-pentru-chisinau-soare-si-temperaturi-in-crestere\/","title":{"rendered":"Prognoza meteo pentru Chi\u0219in\u0103u: soare \u0219i temperaturi \u00een cre\u0219tere"},"content":{"rendered":"<div>\n<p><strong>Conform Serviciului Hidrometeorologic de Stat, ast\u0103zi \u00een Moldova vremea va fi \u00een general stabil\u0103, f\u0103r\u0103 precipita\u021bii semnificative \u0219i cu o evolu\u021bie constant\u0103 a temperaturilor pe parcursul zilei. <\/strong><\/p>\n<p>\u00cen Chi\u0219in\u0103u, soarele a r\u0103s\u0103rit la ora 06:28 \u0219i va apune la ora 18:01. Diminea\u021ba \u00eencepe cu cer par\u021bial noros \u0219i o temperatur\u0103 de aproximativ 3\u00b0C.<\/p>\n<p>Pe m\u0103sur\u0103 ce ziua avanseaz\u0103, temperaturile vor cre\u0219te, ating\u00e2nd un maxim de 18,2\u00b0C dup\u0103-amiaz\u0103. Vremea se va men\u021bine uscat\u0103, f\u0103r\u0103 precipita\u021bii pe parcursul zilei. Dup\u0103-amiaza cerul va alterna \u00eentre noros \u0219i senin, iar seara temperatura va sc\u0103dea treptat p\u00e2n\u0103 la aproximativ 13\u00b0C.<\/p>\n<\/div>\n","protected":false},"excerpt":{"rendered":"<div><img loading=\"lazy\" decoding=\"async\" width=\"696\" height=\"392\" src=\"https:\/\/canal5.md\/wp-content\/uploads\/2025\/03\/e8fc55ea431ddf92c8b70e20cf23937b-optimized.jpg\" class=\"attachment-large size-large wp-post-image\" alt=\"\" srcset=\"https:\/\/canal5.md\/wp-content\/uploads\/2025\/03\/e8fc55ea431ddf92c8b70e20cf23937b-optimized.jpg 809w, https:\/\/canal5.md\/wp-content\/uploads\/2025\/03\/e8fc55ea431ddf92c8b70e20cf23937b-300x169-optimized.jpg 300w, https:\/\/canal5.md\/wp-content\/uploads\/2025\/03\/e8fc55ea431ddf92c8b70e20cf23937b-768x433-optimized.jpg 768w, https:\/\/canal5.md\/wp-content\/uploads\/2025\/03\/e8fc55ea431ddf92c8b70e20cf23937b-696x392-optimized.jpg 696w\">Conform Serviciului Hidrometeorologic de Stat, ast\u0103zi \u00een Moldova vremea va fi \u00een general stabil\u0103, f\u0103r\u0103 precipita\u021bii semnificative \u0219i cu o evolu\u021bie constant\u0103 a temperaturilor pe parcursul zilei. \u00cen Chi\u0219in\u0103u, soarele a r\u0103s\u0103rit la ora 06:28 \u0219i va apune la ora 18:01. Diminea\u021ba \u00eencepe cu cer par\u021bial noros \u0219i o temperatur\u0103 de aproximativ 3\u00b0C. Pe m\u0103sur\u0103 [\u2026]<\/div>\n","protected":false},"author":1,"featured_media":68666,"comment_status":"closed","ping_status":"closed","sticky":false,"template":"","format":"standard","meta":{"jnews-multi-image_gallery":[],"jnews_single_post":[],"jnews_primary_category":[],"jnews_social_meta":[],"jnews_override_counter":[],"footnotes":""},"categories":[30],"tags":[],"class_list":["post-68665","post","type-post","status-publish","format-standard","has-post-thumbnail","hentry","category-social_ro"],"_links":{"self":[{"href":"https:\/\/orheifm.live\/index.php\/wp-json\/wp\/v2\/posts\/68665","targetHints":{"allow":["GET"]}}],"collection":[{"href":"https:\/\/orheifm.live\/index.php\/wp-json\/wp\/v2\/posts"}],"about":[{"href":"https:\/\/orheifm.live\/index.php\/wp-json\/wp\/v2\/types\/post"}],"author":[{"embeddable":true,"href":"https:\/\/orheifm.live\/index.php\/wp-json\/wp\/v2\/users\/1"}],"replies":[{"embeddable":true,"href":"https:\/\/orheifm.live\/index.php\/wp-json\/wp\/v2\/comments?post=68665"}],"version-history":[{"count":0,"href":"https:\/\/orheifm.live\/index.php\/wp-json\/wp\/v2\/posts\/68665\/revisions"}],"wp:featuredmedia":[{"embeddable":true,"href":"https:\/\/orheifm.live\/index.php\/wp-json\/wp\/v2\/media\/68666"}],"wp:attachment":[{"href":"https:\/\/orheifm.live\/index.php\/wp-json\/wp\/v2\/media?parent=68665"}],"wp:term":[{"taxonomy":"category","embeddable":true,"href":"https:\/\/orheifm.live\/index.php\/wp-json\/wp\/v2\/categories?post=68665"},{"taxonomy":"post_tag","embeddable":true,"href":"https:\/\/orheifm.live\/index.php\/wp-json\/wp\/v2\/tags?post=68665"}],"curies":[{"name":"wp","href":"https:\/\/api.w.org\/{rel}","templated":true}]}}