{"id":68661,"date":"2025-03-08T15:30:49","date_gmt":"2025-03-08T13:30:49","guid":{"rendered":"https:\/\/orheifm.live\/index.php\/2025\/03\/08\/marsul-feminist-a-blocat-partial-centrul-capitalei-participantii-bat-in-tobe-si-scandeaza-solidaritate\/"},"modified":"2025-03-08T15:30:49","modified_gmt":"2025-03-08T13:30:49","slug":"marsul-feminist-a-blocat-partial-centrul-capitalei-participantii-bat-in-tobe-si-scandeaza-solidaritate","status":"publish","type":"post","link":"https:\/\/orheifm.live\/index.php\/2025\/03\/08\/marsul-feminist-a-blocat-partial-centrul-capitalei-participantii-bat-in-tobe-si-scandeaza-solidaritate\/","title":{"rendered":"Mar\u0219ul feminist a blocat par\u021bial centrul capitalei: Participan\u021bii bat \u00een tobe \u0219i scandeaz\u0103 \u201eSolidaritate!\u201d"},"content":{"rendered":"<div>\n<p><strong>Un mar\u0219 feminist, organizat de 8 Martie, pe bulevardul \u0218tefan cel Mare, a blocat par\u021bial centrul capitalei. Participan\u021bii bat \u00een tobe \u0219i scandeaz\u0103 \u201eSolidaritate!\u201d<\/strong><\/p>\n<p>\u00cen imaginile video se vede un grup de c\u00e2teva zeci de persoane care particip\u0103 la Mar\u0219ul feminit\u0103\u021bii, organizat tradi\u021bional \u00een fiecare an.<\/p>\n<p>\u00cen acest an, \u00eens\u0103, autorit\u0103\u021bile nu au anun\u021bat \u00een ajun despre blocarea par\u021bial\u0103 a bulevardului \u0218tefan cel Mare.<\/p>\n<p>Oamenii legii sunt prezen\u021bi la mar\u0219, pentru a asigura ordinea public\u0103.<\/p>\n<\/div>\n","protected":false},"excerpt":{"rendered":"<div><img loading=\"lazy\" decoding=\"async\" width=\"696\" height=\"392\" src=\"https:\/\/canal5.md\/wp-content\/uploads\/2025\/03\/a4ed15f3bf2629f33f2a2624ceb52765ce463522c6b0a9d6fbac671b8ea91220-optimized.jpg\" class=\"attachment-large size-large wp-post-image\" alt=\"\" srcset=\"https:\/\/canal5.md\/wp-content\/uploads\/2025\/03\/a4ed15f3bf2629f33f2a2624ceb52765ce463522c6b0a9d6fbac671b8ea91220-optimized.jpg 800w, https:\/\/canal5.md\/wp-content\/uploads\/2025\/03\/a4ed15f3bf2629f33f2a2624ceb52765ce463522c6b0a9d6fbac671b8ea91220-300x169-optimized.jpg 300w, https:\/\/canal5.md\/wp-content\/uploads\/2025\/03\/a4ed15f3bf2629f33f2a2624ceb52765ce463522c6b0a9d6fbac671b8ea91220-768x432-optimized.jpg 768w, https:\/\/canal5.md\/wp-content\/uploads\/2025\/03\/a4ed15f3bf2629f33f2a2624ceb52765ce463522c6b0a9d6fbac671b8ea91220-696x392-optimized.jpg 696w\">Un mar\u0219 feminist, organizat de 8 Martie, pe bulevardul \u0218tefan cel Mare, a blocat par\u021bial centrul capitalei. Participan\u021bii bat \u00een tobe \u0219i scandeaz\u0103 \u201eSolidaritate!\u201d \u00cen imaginile video se vede un grup de c\u00e2teva zeci de persoane care particip\u0103 la Mar\u0219ul feminit\u0103\u021bii, organizat tradi\u021bional \u00een fiecare an. \u00cen acest an, \u00eens\u0103, autorit\u0103\u021bile nu au anun\u021bat \u00een [\u2026]<\/div>\n","protected":false},"author":1,"featured_media":68662,"comment_status":"closed","ping_status":"closed","sticky":false,"template":"","format":"standard","meta":{"jnews-multi-image_gallery":[],"jnews_single_post":[],"jnews_primary_category":[],"jnews_social_meta":[],"jnews_override_counter":[],"footnotes":""},"categories":[30],"tags":[],"class_list":["post-68661","post","type-post","status-publish","format-standard","has-post-thumbnail","hentry","category-social_ro"],"_links":{"self":[{"href":"https:\/\/orheifm.live\/index.php\/wp-json\/wp\/v2\/posts\/68661","targetHints":{"allow":["GET"]}}],"collection":[{"href":"https:\/\/orheifm.live\/index.php\/wp-json\/wp\/v2\/posts"}],"about":[{"href":"https:\/\/orheifm.live\/index.php\/wp-json\/wp\/v2\/types\/post"}],"author":[{"embeddable":true,"href":"https:\/\/orheifm.live\/index.php\/wp-json\/wp\/v2\/users\/1"}],"replies":[{"embeddable":true,"href":"https:\/\/orheifm.live\/index.php\/wp-json\/wp\/v2\/comments?post=68661"}],"version-history":[{"count":0,"href":"https:\/\/orheifm.live\/index.php\/wp-json\/wp\/v2\/posts\/68661\/revisions"}],"wp:featuredmedia":[{"embeddable":true,"href":"https:\/\/orheifm.live\/index.php\/wp-json\/wp\/v2\/media\/68662"}],"wp:attachment":[{"href":"https:\/\/orheifm.live\/index.php\/wp-json\/wp\/v2\/media?parent=68661"}],"wp:term":[{"taxonomy":"category","embeddable":true,"href":"https:\/\/orheifm.live\/index.php\/wp-json\/wp\/v2\/categories?post=68661"},{"taxonomy":"post_tag","embeddable":true,"href":"https:\/\/orheifm.live\/index.php\/wp-json\/wp\/v2\/tags?post=68661"}],"curies":[{"name":"wp","href":"https:\/\/api.w.org\/{rel}","templated":true}]}}