{"id":68657,"date":"2025-03-08T14:00:42","date_gmt":"2025-03-08T12:00:42","guid":{"rendered":"https:\/\/orheifm.live\/index.php\/2025\/03\/08\/carabinierii-din-balti-ajuta-o-mama-sa-si-regaseasca-fiica-de-8-martie\/"},"modified":"2025-03-08T14:00:42","modified_gmt":"2025-03-08T12:00:42","slug":"carabinierii-din-balti-ajuta-o-mama-sa-si-regaseasca-fiica-de-8-martie","status":"publish","type":"post","link":"https:\/\/orheifm.live\/index.php\/2025\/03\/08\/carabinierii-din-balti-ajuta-o-mama-sa-si-regaseasca-fiica-de-8-martie\/","title":{"rendered":"Carabinierii din B\u0103l\u021bi ajut\u0103 o mam\u0103 s\u0103-\u0219i reg\u0103seasc\u0103 fiica de 8 Martie"},"content":{"rendered":"<div>\n<p data-start=\"76\" data-end=\"370\"><strong>De Ziua Interna\u021bional\u0103 a Femeii, carabinierii Direc\u021biei regionale \u201eNord\u201d a IGC au demonstrat \u00eenc\u0103 o dat\u0103 c\u0103 sunt mereu la datorie pentru siguran\u021ba cet\u0103\u021benilor.<\/strong><\/p>\n<p data-start=\"76\" data-end=\"370\">\u00cen municipiul B\u0103l\u021bi, un carabinier a observat o feti\u021b\u0103 minor\u0103 aflat\u0103 singur\u0103, pl\u00e2ng\u00e2nd \u0219i spun\u00e2nd c\u0103 nu \u0219tie cum s\u0103-\u0219i g\u0103seasc\u0103 mama.<\/p>\n<p data-start=\"372\" data-end=\"642\" data-is-last-node=\"\" data-is-only-node=\"\">F\u0103r\u0103 ezitare, carabinierul a intervenit prompt pentru identificarea p\u0103rin\u021bilor \u0219i, \u00een scurt timp, mama feti\u021bei a fost g\u0103sit\u0103. Astfel, datorit\u0103 interven\u021biei rapide a carabinierilor, 8 Martie a devenit o zi mai lini\u0219tit\u0103 pentru mama care \u0219i-a reg\u0103sit copilul \u00een siguran\u021b\u0103.<\/p>\n<\/div>\n","protected":false},"excerpt":{"rendered":"<div><img loading=\"lazy\" decoding=\"async\" width=\"696\" height=\"392\" src=\"https:\/\/canal5.md\/wp-content\/uploads\/2025\/03\/a56c4c9be8a8d48498351781b64f0926-optimized.jpg\" class=\"attachment-large size-large wp-post-image\" alt=\"\" srcset=\"https:\/\/canal5.md\/wp-content\/uploads\/2025\/03\/a56c4c9be8a8d48498351781b64f0926-optimized.jpg 809w, https:\/\/canal5.md\/wp-content\/uploads\/2025\/03\/a56c4c9be8a8d48498351781b64f0926-300x169-optimized.jpg 300w, https:\/\/canal5.md\/wp-content\/uploads\/2025\/03\/a56c4c9be8a8d48498351781b64f0926-768x433-optimized.jpg 768w, https:\/\/canal5.md\/wp-content\/uploads\/2025\/03\/a56c4c9be8a8d48498351781b64f0926-696x392-optimized.jpg 696w\">De Ziua Interna\u021bional\u0103 a Femeii, carabinierii Direc\u021biei regionale \u201eNord\u201d a IGC au demonstrat \u00eenc\u0103 o dat\u0103 c\u0103 sunt mereu la datorie pentru siguran\u021ba cet\u0103\u021benilor. \u00cen municipiul B\u0103l\u021bi, un carabinier a observat o feti\u021b\u0103 minor\u0103 aflat\u0103 singur\u0103, pl\u00e2ng\u00e2nd \u0219i spun\u00e2nd c\u0103 nu \u0219tie cum s\u0103-\u0219i g\u0103seasc\u0103 mama. F\u0103r\u0103 ezitare, carabinierul a intervenit prompt pentru identificarea p\u0103rin\u021bilor [\u2026]<\/div>\n","protected":false},"author":1,"featured_media":68658,"comment_status":"closed","ping_status":"closed","sticky":false,"template":"","format":"standard","meta":{"jnews-multi-image_gallery":[],"jnews_single_post":[],"jnews_primary_category":[],"jnews_social_meta":[],"jnews_override_counter":[],"footnotes":""},"categories":[30],"tags":[],"class_list":["post-68657","post","type-post","status-publish","format-standard","has-post-thumbnail","hentry","category-social_ro"],"_links":{"self":[{"href":"https:\/\/orheifm.live\/index.php\/wp-json\/wp\/v2\/posts\/68657","targetHints":{"allow":["GET"]}}],"collection":[{"href":"https:\/\/orheifm.live\/index.php\/wp-json\/wp\/v2\/posts"}],"about":[{"href":"https:\/\/orheifm.live\/index.php\/wp-json\/wp\/v2\/types\/post"}],"author":[{"embeddable":true,"href":"https:\/\/orheifm.live\/index.php\/wp-json\/wp\/v2\/users\/1"}],"replies":[{"embeddable":true,"href":"https:\/\/orheifm.live\/index.php\/wp-json\/wp\/v2\/comments?post=68657"}],"version-history":[{"count":0,"href":"https:\/\/orheifm.live\/index.php\/wp-json\/wp\/v2\/posts\/68657\/revisions"}],"wp:featuredmedia":[{"embeddable":true,"href":"https:\/\/orheifm.live\/index.php\/wp-json\/wp\/v2\/media\/68658"}],"wp:attachment":[{"href":"https:\/\/orheifm.live\/index.php\/wp-json\/wp\/v2\/media?parent=68657"}],"wp:term":[{"taxonomy":"category","embeddable":true,"href":"https:\/\/orheifm.live\/index.php\/wp-json\/wp\/v2\/categories?post=68657"},{"taxonomy":"post_tag","embeddable":true,"href":"https:\/\/orheifm.live\/index.php\/wp-json\/wp\/v2\/tags?post=68657"}],"curies":[{"name":"wp","href":"https:\/\/api.w.org\/{rel}","templated":true}]}}