{"id":68655,"date":"2025-03-08T13:30:16","date_gmt":"2025-03-08T11:30:16","guid":{"rendered":"https:\/\/orheifm.live\/index.php\/2025\/03\/08\/presedintele-coreei-de-sud-eliberat-din-detentie-dupa-decizia-instantei\/"},"modified":"2025-03-08T13:30:16","modified_gmt":"2025-03-08T11:30:16","slug":"presedintele-coreei-de-sud-eliberat-din-detentie-dupa-decizia-instantei","status":"publish","type":"post","link":"https:\/\/orheifm.live\/index.php\/2025\/03\/08\/presedintele-coreei-de-sud-eliberat-din-detentie-dupa-decizia-instantei\/","title":{"rendered":"Pre\u0219edintele Coreei de Sud, eliberat din deten\u021bie dup\u0103 decizia instan\u021bei"},"content":{"rendered":"<div>\n<p data-start=\"78\" data-end=\"280\"><strong>Procuratura sud-coreean\u0103 a executat decizia instan\u021bei de a-l elibera pe pre\u0219edintele Yun Suk-Yeol, relateaz\u0103 agen\u021bia \u201eYonhap\u201d. Pe 8 martie, Yun Suk-Yeol, a fost eliberat din centrul de deten\u021bie din Seul.<\/strong><\/p>\n<p data-start=\"282\" data-end=\"440\">La ie\u0219irea din institu\u021bie, pre\u0219edintele a mul\u021bumit instan\u021bei pentru \u201ecurajul \u0219i hot\u0103r\u00e2rea de a corecta ilegalitatea\u201d \u0219i s-a \u00eentors la re\u0219edin\u021ba preziden\u021bial\u0103.<\/p>\n<p data-start=\"442\" data-end=\"777\" data-is-last-node=\"\" data-is-only-node=\"\">Pe 14 decembrie, Parlamentul Coreei de Sud a declarat procedura de impeachment \u00eempotriva pre\u0219edintelui, iar a doua zi acesta a fost re\u021binut. Pe 19 ianuarie, instan\u021ba a decis s\u0103-l re\u021bin\u0103 pe <strong>Yun Suk-Yeol,<\/strong>\u00eentr-un caz de revolt\u0103 \u00eempotriva ordinii constitu\u021bionale, cu riscul de a fi condamnat la \u00eenchisoare pe via\u021b\u0103 sau pedeaps\u0103 cu moartea.<\/p>\n<\/div>\n","protected":false},"excerpt":{"rendered":"<div><img loading=\"lazy\" decoding=\"async\" width=\"673\" height=\"521\" src=\"https:\/\/canal5.md\/wp-content\/uploads\/2025\/03\/blob-6-optimized.jpg\" class=\"attachment-large size-large wp-post-image\" alt=\"\" srcset=\"https:\/\/canal5.md\/wp-content\/uploads\/2025\/03\/blob-6-optimized.jpg 673w, https:\/\/canal5.md\/wp-content\/uploads\/2025\/03\/blob-6-300x232-optimized.jpg 300w\">Procuratura sud-coreean\u0103 a executat decizia instan\u021bei de a-l elibera pe pre\u0219edintele Yun Suk-Yeol, relateaz\u0103 agen\u021bia \u201eYonhap\u201d. Pe 8 martie, Yun Suk-Yeol, a fost eliberat din centrul de deten\u021bie din Seul. La ie\u0219irea din institu\u021bie, pre\u0219edintele a mul\u021bumit instan\u021bei pentru \u201ecurajul \u0219i hot\u0103r\u00e2rea de a corecta ilegalitatea\u201d \u0219i s-a \u00eentors la re\u0219edin\u021ba preziden\u021bial\u0103. Pe 14 decembrie, [\u2026]<\/div>\n","protected":false},"author":1,"featured_media":68656,"comment_status":"closed","ping_status":"closed","sticky":false,"template":"","format":"standard","meta":{"jnews-multi-image_gallery":[],"jnews_single_post":[],"jnews_primary_category":[],"jnews_social_meta":[],"jnews_override_counter":[],"footnotes":""},"categories":[29],"tags":[],"class_list":["post-68655","post","type-post","status-publish","format-standard","has-post-thumbnail","hentry","category-externe_ro"],"_links":{"self":[{"href":"https:\/\/orheifm.live\/index.php\/wp-json\/wp\/v2\/posts\/68655","targetHints":{"allow":["GET"]}}],"collection":[{"href":"https:\/\/orheifm.live\/index.php\/wp-json\/wp\/v2\/posts"}],"about":[{"href":"https:\/\/orheifm.live\/index.php\/wp-json\/wp\/v2\/types\/post"}],"author":[{"embeddable":true,"href":"https:\/\/orheifm.live\/index.php\/wp-json\/wp\/v2\/users\/1"}],"replies":[{"embeddable":true,"href":"https:\/\/orheifm.live\/index.php\/wp-json\/wp\/v2\/comments?post=68655"}],"version-history":[{"count":0,"href":"https:\/\/orheifm.live\/index.php\/wp-json\/wp\/v2\/posts\/68655\/revisions"}],"wp:featuredmedia":[{"embeddable":true,"href":"https:\/\/orheifm.live\/index.php\/wp-json\/wp\/v2\/media\/68656"}],"wp:attachment":[{"href":"https:\/\/orheifm.live\/index.php\/wp-json\/wp\/v2\/media?parent=68655"}],"wp:term":[{"taxonomy":"category","embeddable":true,"href":"https:\/\/orheifm.live\/index.php\/wp-json\/wp\/v2\/categories?post=68655"},{"taxonomy":"post_tag","embeddable":true,"href":"https:\/\/orheifm.live\/index.php\/wp-json\/wp\/v2\/tags?post=68655"}],"curies":[{"name":"wp","href":"https:\/\/api.w.org\/{rel}","templated":true}]}}