{"id":68653,"date":"2025-03-08T12:30:15","date_gmt":"2025-03-08T10:30:15","guid":{"rendered":"https:\/\/orheifm.live\/index.php\/2025\/03\/08\/in-atentia-calatorilor-aglomeratie-la-vama-leuseni-pe-sensul-de-iesire-din-republica-moldova\/"},"modified":"2025-03-08T12:30:15","modified_gmt":"2025-03-08T10:30:15","slug":"in-atentia-calatorilor-aglomeratie-la-vama-leuseni-pe-sensul-de-iesire-din-republica-moldova","status":"publish","type":"post","link":"https:\/\/orheifm.live\/index.php\/2025\/03\/08\/in-atentia-calatorilor-aglomeratie-la-vama-leuseni-pe-sensul-de-iesire-din-republica-moldova\/","title":{"rendered":"\u00cen aten\u021bia c\u0103l\u0103torilor: Aglomera\u021bie la vama Leu\u0219eni, pe sensul de ie\u0219ire din Republica Moldova"},"content":{"rendered":"<div>\n<p><strong>\u00cen punctul de trecere a frontierei Leu\u0219eni se \u00eenregistreaz\u0103 trafic majorat de c\u0103l\u0103tori, pe sensul de ie\u0219ire din Republica Moldova. Anunu\u021bul a fost f\u0103cut de Poli\u021bia de Frontier\u0103.<\/strong><\/p>\n<p>\u201e\u00cen vederea fluidiz\u0103rii circula\u021biei se \u00eentreprind toate m\u0103surile necesare: Suplimentarea num\u0103rului de poli\u021bi\u0219ti de frontier\u0103 \u0219i angaja\u021bi ai Serviciului Vamal; Deschiderea mai multor artere de control, inclusiv aplicarea procedurii Revers.\u00a0<span class=\"html-span xexx8yu x4uap5 x18d9i69 xkhd6sd x1hl2dhg x16tdsg8 x1vvkbs x3nfvp2 x1j61x8r x1fcty0u xdj266r xat24cr xgzva0m xhhsvwb xxymvpz xlup9mm x1kky2od\">\u00cendemn\u0103m s\u0103 manifesta\u021bi \u00een\u021belegere \u0219i r\u0103bdare!\u201d, comunic\u0103 institu\u021bia.\u00a0<\/span><\/p>\n<p>Pentru informa\u021bii actualizate privind starea traficului \u0219i orice alte detalii, c\u0103l\u0103torii pot consulta pagina oficial\u0103 a Poli\u021biei de Frontier\u0103 sau s\u0103 contacteze Linia Verde\u00a0+373 22 259 717.<\/p>\n<p><a href=\"https:\/\/realitatea.md\/in-atentia-calatorilor-aglomeratie-la-vama-leuseni-pe-sensul-de-iesire-din-republica-moldova\/\">Realitate.md<\/a><\/p>\n<\/div>\n","protected":false},"excerpt":{"rendered":"<div><img loading=\"lazy\" decoding=\"async\" width=\"696\" height=\"391\" src=\"https:\/\/canal5.md\/wp-content\/uploads\/2025\/03\/aglomeratie-leuseni-900x505-1-optimized.jpg\" class=\"attachment-large size-large wp-post-image\" alt=\"\" srcset=\"https:\/\/canal5.md\/wp-content\/uploads\/2025\/03\/aglomeratie-leuseni-900x505-1-optimized.jpg 900w, https:\/\/canal5.md\/wp-content\/uploads\/2025\/03\/aglomeratie-leuseni-900x505-1-300x168-optimized.jpg 300w, https:\/\/canal5.md\/wp-content\/uploads\/2025\/03\/aglomeratie-leuseni-900x505-1-768x431-optimized.jpg 768w, https:\/\/canal5.md\/wp-content\/uploads\/2025\/03\/aglomeratie-leuseni-900x505-1-696x391-optimized.jpg 696w\">\u00cen punctul de trecere a frontierei Leu\u0219eni se \u00eenregistreaz\u0103 trafic majorat de c\u0103l\u0103tori, pe sensul de ie\u0219ire din Republica Moldova. Anunu\u021bul a fost f\u0103cut de Poli\u021bia de Frontier\u0103. \u201e\u00cen vederea fluidiz\u0103rii circula\u021biei se \u00eentreprind toate m\u0103surile necesare: Suplimentarea num\u0103rului de poli\u021bi\u0219ti de frontier\u0103 \u0219i angaja\u021bi ai Serviciului Vamal; Deschiderea mai multor artere de control, inclusiv [\u2026]<\/div>\n","protected":false},"author":1,"featured_media":68654,"comment_status":"closed","ping_status":"closed","sticky":false,"template":"","format":"standard","meta":{"jnews-multi-image_gallery":[],"jnews_single_post":[],"jnews_primary_category":[],"jnews_social_meta":[],"jnews_override_counter":[],"footnotes":""},"categories":[30],"tags":[],"class_list":["post-68653","post","type-post","status-publish","format-standard","has-post-thumbnail","hentry","category-social_ro"],"_links":{"self":[{"href":"https:\/\/orheifm.live\/index.php\/wp-json\/wp\/v2\/posts\/68653","targetHints":{"allow":["GET"]}}],"collection":[{"href":"https:\/\/orheifm.live\/index.php\/wp-json\/wp\/v2\/posts"}],"about":[{"href":"https:\/\/orheifm.live\/index.php\/wp-json\/wp\/v2\/types\/post"}],"author":[{"embeddable":true,"href":"https:\/\/orheifm.live\/index.php\/wp-json\/wp\/v2\/users\/1"}],"replies":[{"embeddable":true,"href":"https:\/\/orheifm.live\/index.php\/wp-json\/wp\/v2\/comments?post=68653"}],"version-history":[{"count":0,"href":"https:\/\/orheifm.live\/index.php\/wp-json\/wp\/v2\/posts\/68653\/revisions"}],"wp:featuredmedia":[{"embeddable":true,"href":"https:\/\/orheifm.live\/index.php\/wp-json\/wp\/v2\/media\/68654"}],"wp:attachment":[{"href":"https:\/\/orheifm.live\/index.php\/wp-json\/wp\/v2\/media?parent=68653"}],"wp:term":[{"taxonomy":"category","embeddable":true,"href":"https:\/\/orheifm.live\/index.php\/wp-json\/wp\/v2\/categories?post=68653"},{"taxonomy":"post_tag","embeddable":true,"href":"https:\/\/orheifm.live\/index.php\/wp-json\/wp\/v2\/tags?post=68653"}],"curies":[{"name":"wp","href":"https:\/\/api.w.org\/{rel}","templated":true}]}}