{"id":68651,"date":"2025-03-08T12:00:57","date_gmt":"2025-03-08T10:00:57","guid":{"rendered":"https:\/\/orheifm.live\/index.php\/2025\/03\/08\/australia-un-adolescent-s-a-urcat-intr-un-avion-cu-o-pusca-si-cu-munitie-dar-a-fost-imobilizat-de-pasageri\/"},"modified":"2025-03-08T12:00:57","modified_gmt":"2025-03-08T10:00:57","slug":"australia-un-adolescent-s-a-urcat-intr-un-avion-cu-o-pusca-si-cu-munitie-dar-a-fost-imobilizat-de-pasageri","status":"publish","type":"post","link":"https:\/\/orheifm.live\/index.php\/2025\/03\/08\/australia-un-adolescent-s-a-urcat-intr-un-avion-cu-o-pusca-si-cu-munitie-dar-a-fost-imobilizat-de-pasageri\/","title":{"rendered":"Australia: un adolescent s-a urcat \u00eentr-un avion cu o pu\u0219c\u0103 \u0219i cu muni\u021bie, dar a fost imobilizat de pasageri"},"content":{"rendered":"<div>\n<p><strong>Poli\u021bia din Australia a re\u021binut \u0219i pus sub acuzare un t\u00e2n\u0103r de 17 ani care a urcat \u00eentr-un avion de pasageri cu o pu\u0219c\u0103 \u0219i muni\u021bie. B\u0103iatul a fost filmat \u00een timp ce era tr\u00e2ntit la p\u0103m\u00e2nt de pasageri \u0219i de echipajul de bord, \u00een timp ce aeronava se preg\u0103tea s\u0103 decoleze de pe aeroportul Avalon, \u00een apropiere de Melbourne, transport\u00e2nd 160 de persoane cu destina\u021bia Sydney, joi dup\u0103-amiaz\u0103, relateaz\u0103 BBC News.<\/strong><\/p>\n<p>Poli\u021bia crede c\u0103 adolescentul a ajuns pe pista aeroportului trec\u00e2nd peste un gard de securitate, \u00eenainte de a urca treptele din fa\u021ba avionului, unde a fost tr\u00e2ntit la p\u0103m\u00e2nt l\u00e2ng\u0103 u\u0219a din fa\u021b\u0103. T\u00e2n\u0103rul de 17 ani a fost re\u021binut \u0219i va comp\u0103rea \u00een fa\u021ba tribunalului pentru minori pentru a r\u0103spunde la opt acuza\u021bii.<\/p>\n<p>Printre acestea se num\u0103r\u0103 preluarea ilegal\u0103 a controlului asupra unei aeronave, punerea \u00een pericol a siguran\u021bei zborului \u0219i crearea unei farse cu bomb\u0103. Poli\u021bia din statul australian Victoria a declarat c\u0103 a fost necesar\u0103 interven\u021bia unui specialist \u00een bombe pentru a perchezi\u021biona o ma\u0219in\u0103 \u0219i dou\u0103 gen\u021bi care au fost g\u0103site \u00een apropiere.<\/p>\n<p>Imaginile publicate de postul australian 7News arat\u0103 cum suspectul este imobilizat de un pasager, \u00een timp ce un membru al personalului de la sol \u0219i un pilot \u00eendep\u0103rteaz\u0103 o centur\u0103 utilitar\u0103 care con\u021binea unelte pe care suspectul le avea asupra sa. De asemenea, pilotul poate fi v\u0103zut \u00eendep\u0103rt\u00e2nd cu piciorul pu\u0219ca adolescentui, care poart\u0103 o geac\u0103 fluorescent\u0103. \u201eCum este posibil a\u0219a ceva?\u201d, poate fi auzit cineva de la bord spun\u00e2nd \u00een filmare.<\/p>\n<p>Poli\u021bia a declarat reporterilor c\u0103 pasagerii au observat c\u0103 adolescentul avea o arm\u0103 asupra sa \u00een timp ce urca treptele c\u0103tre avion. \u201eB\u0103rbatul a fost dobor\u00e2t de cel pu\u021bin trei dintre pasageri\u201d, a spus un oficial al Poli\u021biei.<\/p>\n<p>Barry Clark, unul dintre pasageri, a declarat pentru postul public de televiziune australian ABC c\u0103 adolescentul p\u0103rea s\u0103 fie \u00eembr\u0103cat ca un angajat al aeroportului \u0219i era \u201eagitat\u201d. El a spus: \u201eTot ce am putut s\u0103 fac a fost s\u0103 \u00eendep\u0103rtez arma\u2026 apoi l-am imobilizat \u0219i l-am aruncat la p\u0103m\u00e2nt p\u00e2n\u0103 la sosirea poli\u021biei\u201d.<\/p>\n<p>Nimeni nu a fost r\u0103nit \u00een timpul incidentului, a declarat poli\u021bia.<\/p>\n<\/div>\n","protected":false},"excerpt":{"rendered":"<div><img loading=\"lazy\" decoding=\"async\" width=\"696\" height=\"393\" src=\"https:\/\/canal5.md\/wp-content\/uploads\/2025\/03\/ad00ndamagfzad03otrlnda1nda3mdhkyjvlmmm4y2vjnja0ywu4ztuwzg.thumb-1-optimized.jpg\" class=\"attachment-large size-large wp-post-image\" alt=\"\" srcset=\"https:\/\/canal5.md\/wp-content\/uploads\/2025\/03\/ad00ndamagfzad03otrlnda1nda3mdhkyjvlmmm4y2vjnja0ywu4ztuwzg.thumb-1-optimized.jpg 780w, https:\/\/canal5.md\/wp-content\/uploads\/2025\/03\/ad00ndamagfzad03otrlnda1nda3mdhkyjvlmmm4y2vjnja0ywu4ztuwzg.thumb-1-300x169-optimized.jpg 300w, https:\/\/canal5.md\/wp-content\/uploads\/2025\/03\/ad00ndamagfzad03otrlnda1nda3mdhkyjvlmmm4y2vjnja0ywu4ztuwzg.thumb-1-768x433-optimized.jpg 768w, https:\/\/canal5.md\/wp-content\/uploads\/2025\/03\/ad00ndamagfzad03otrlnda1nda3mdhkyjvlmmm4y2vjnja0ywu4ztuwzg.thumb-1-696x393-optimized.jpg 696w\">Poli\u021bia din Australia a re\u021binut \u0219i pus sub acuzare un t\u00e2n\u0103r de 17 ani care a urcat \u00eentr-un avion de pasageri cu o pu\u0219c\u0103 \u0219i muni\u021bie. B\u0103iatul a fost filmat \u00een timp ce era tr\u00e2ntit la p\u0103m\u00e2nt de pasageri \u0219i de echipajul de bord, \u00een timp ce aeronava se preg\u0103tea s\u0103 decoleze de pe aeroportul [\u2026]<\/div>\n","protected":false},"author":1,"featured_media":68652,"comment_status":"closed","ping_status":"closed","sticky":false,"template":"","format":"standard","meta":{"jnews-multi-image_gallery":[],"jnews_single_post":[],"jnews_primary_category":[],"jnews_social_meta":[],"jnews_override_counter":[],"footnotes":""},"categories":[29],"tags":[],"class_list":["post-68651","post","type-post","status-publish","format-standard","has-post-thumbnail","hentry","category-externe_ro"],"_links":{"self":[{"href":"https:\/\/orheifm.live\/index.php\/wp-json\/wp\/v2\/posts\/68651","targetHints":{"allow":["GET"]}}],"collection":[{"href":"https:\/\/orheifm.live\/index.php\/wp-json\/wp\/v2\/posts"}],"about":[{"href":"https:\/\/orheifm.live\/index.php\/wp-json\/wp\/v2\/types\/post"}],"author":[{"embeddable":true,"href":"https:\/\/orheifm.live\/index.php\/wp-json\/wp\/v2\/users\/1"}],"replies":[{"embeddable":true,"href":"https:\/\/orheifm.live\/index.php\/wp-json\/wp\/v2\/comments?post=68651"}],"version-history":[{"count":0,"href":"https:\/\/orheifm.live\/index.php\/wp-json\/wp\/v2\/posts\/68651\/revisions"}],"wp:featuredmedia":[{"embeddable":true,"href":"https:\/\/orheifm.live\/index.php\/wp-json\/wp\/v2\/media\/68652"}],"wp:attachment":[{"href":"https:\/\/orheifm.live\/index.php\/wp-json\/wp\/v2\/media?parent=68651"}],"wp:term":[{"taxonomy":"category","embeddable":true,"href":"https:\/\/orheifm.live\/index.php\/wp-json\/wp\/v2\/categories?post=68651"},{"taxonomy":"post_tag","embeddable":true,"href":"https:\/\/orheifm.live\/index.php\/wp-json\/wp\/v2\/tags?post=68651"}],"curies":[{"name":"wp","href":"https:\/\/api.w.org\/{rel}","templated":true}]}}