{"id":68649,"date":"2025-03-08T11:36:16","date_gmt":"2025-03-08T09:36:16","guid":{"rendered":"https:\/\/orheifm.live\/index.php\/2025\/03\/08\/cutremur-in-romania-sambata-dimineata\/"},"modified":"2025-03-08T11:36:16","modified_gmt":"2025-03-08T09:36:16","slug":"cutremur-in-romania-sambata-dimineata","status":"publish","type":"post","link":"https:\/\/orheifm.live\/index.php\/2025\/03\/08\/cutremur-in-romania-sambata-dimineata\/","title":{"rendered":"Cutremur \u00een Rom\u00e2nia, s\u00e2mb\u0103t\u0103 diminea\u021ba"},"content":{"rendered":"<div>\n<p><strong>Un cutremur cu magnitudinea 3,4 s-a produs s\u00e2mb\u0103t\u0103 diminea\u0163a, la ora 01:21, \u00een jude\u0163ul Buz\u0103u, zona seismic\u0103 Vrancea, potrivit informa\u0163iilor publicate de Institutul Na\u0163ional de Cercetare-Dezvoltare pentru Fizica P\u0103m\u00e2ntului (INCDFP), preluate de Agerpres. <\/strong><\/p>\n<p>Seismul a avut loc la ad\u00e2ncimea de 129,4 kilometri (km), \u00een apropierea urm\u0103toarelor ora\u015fe: 54 km nord-vest de Buz\u0103u, 57 km est de Bra\u015fov, 60 km nord de Ploie\u015fti, 60 km sud-est de Sf\u00e2ntu-Gheorghe, 75 km vest de Foc\u015fani \u015fi 87 km nord-est de T\u00e2rgovi\u015fte.<\/p>\n<p>De la \u00eenceputul lunii martie, \u00een Rom\u00e2nia s-au produs 9 cutremure, cu magnitudini cuprinse \u00eentre 2 \u015fi 3,3. Cel mai important cutremur din 2024, cu o magnitudine de 5,4, a avut loc \u00een jude\u0163ul Buz\u0103u \u00een data de 16 septembrie.<\/p>\n<\/div>\n","protected":false},"excerpt":{"rendered":"<div><img loading=\"lazy\" decoding=\"async\" width=\"696\" height=\"393\" src=\"https:\/\/canal5.md\/wp-content\/uploads\/2025\/03\/ptjiyjvmzjy3zjjhndjmnwm0mtdjodmzogu3mmjlmwi5.thumb_-optimized.jpg\" class=\"attachment-large size-large wp-post-image\" alt=\"\" srcset=\"https:\/\/canal5.md\/wp-content\/uploads\/2025\/03\/ptjiyjvmzjy3zjjhndjmnwm0mtdjodmzogu3mmjlmwi5.thumb_-optimized.jpg 780w, https:\/\/canal5.md\/wp-content\/uploads\/2025\/03\/ptjiyjvmzjy3zjjhndjmnwm0mtdjodmzogu3mmjlmwi5.thumb_-300x169-optimized.jpg 300w, https:\/\/canal5.md\/wp-content\/uploads\/2025\/03\/ptjiyjvmzjy3zjjhndjmnwm0mtdjodmzogu3mmjlmwi5.thumb_-768x433-optimized.jpg 768w, https:\/\/canal5.md\/wp-content\/uploads\/2025\/03\/ptjiyjvmzjy3zjjhndjmnwm0mtdjodmzogu3mmjlmwi5.thumb_-696x393-optimized.jpg 696w\">Un cutremur cu magnitudinea 3,4 s-a produs s\u00e2mb\u0103t\u0103 diminea\u0163a, la ora 01:21, \u00een jude\u0163ul Buz\u0103u, zona seismic\u0103 Vrancea, potrivit informa\u0163iilor publicate de Institutul Na\u0163ional de Cercetare-Dezvoltare pentru Fizica P\u0103m\u00e2ntului (INCDFP), preluate de Agerpres. Seismul a avut loc la ad\u00e2ncimea de 129,4 kilometri (km), \u00een apropierea urm\u0103toarelor ora\u015fe: 54 km nord-vest de Buz\u0103u, 57 km est [\u2026]<\/div>\n","protected":false},"author":1,"featured_media":68650,"comment_status":"closed","ping_status":"closed","sticky":false,"template":"","format":"standard","meta":{"jnews-multi-image_gallery":[],"jnews_single_post":[],"jnews_primary_category":[],"jnews_social_meta":[],"jnews_override_counter":[],"footnotes":""},"categories":[29],"tags":[],"class_list":["post-68649","post","type-post","status-publish","format-standard","has-post-thumbnail","hentry","category-externe_ro"],"_links":{"self":[{"href":"https:\/\/orheifm.live\/index.php\/wp-json\/wp\/v2\/posts\/68649","targetHints":{"allow":["GET"]}}],"collection":[{"href":"https:\/\/orheifm.live\/index.php\/wp-json\/wp\/v2\/posts"}],"about":[{"href":"https:\/\/orheifm.live\/index.php\/wp-json\/wp\/v2\/types\/post"}],"author":[{"embeddable":true,"href":"https:\/\/orheifm.live\/index.php\/wp-json\/wp\/v2\/users\/1"}],"replies":[{"embeddable":true,"href":"https:\/\/orheifm.live\/index.php\/wp-json\/wp\/v2\/comments?post=68649"}],"version-history":[{"count":0,"href":"https:\/\/orheifm.live\/index.php\/wp-json\/wp\/v2\/posts\/68649\/revisions"}],"wp:featuredmedia":[{"embeddable":true,"href":"https:\/\/orheifm.live\/index.php\/wp-json\/wp\/v2\/media\/68650"}],"wp:attachment":[{"href":"https:\/\/orheifm.live\/index.php\/wp-json\/wp\/v2\/media?parent=68649"}],"wp:term":[{"taxonomy":"category","embeddable":true,"href":"https:\/\/orheifm.live\/index.php\/wp-json\/wp\/v2\/categories?post=68649"},{"taxonomy":"post_tag","embeddable":true,"href":"https:\/\/orheifm.live\/index.php\/wp-json\/wp\/v2\/tags?post=68649"}],"curies":[{"name":"wp","href":"https:\/\/api.w.org\/{rel}","templated":true}]}}