{"id":68645,"date":"2025-03-08T10:30:17","date_gmt":"2025-03-08T08:30:17","guid":{"rendered":"https:\/\/orheifm.live\/index.php\/2025\/03\/08\/politia-nationala-a-transmis-un-mesaj-de-apreciere-pentru-femei-de-8-martie\/"},"modified":"2025-03-08T10:30:17","modified_gmt":"2025-03-08T08:30:17","slug":"politia-nationala-a-transmis-un-mesaj-de-apreciere-pentru-femei-de-8-martie","status":"publish","type":"post","link":"https:\/\/orheifm.live\/index.php\/2025\/03\/08\/politia-nationala-a-transmis-un-mesaj-de-apreciere-pentru-femei-de-8-martie\/","title":{"rendered":"Poli\u021bia Na\u021bional\u0103 a transmis un mesaj de apreciere pentru femei de 8 Martie"},"content":{"rendered":"<div>\n<p data-start=\"83\" data-end=\"236\"><strong>De Ziua Interna\u021bional\u0103 a Femeii, Poli\u021bia Na\u021bional\u0103 a adresat un mesaj emo\u021bionant tuturor femeilor, eviden\u021biind rolul lor esen\u021bial \u00een via\u021ba de zi cu zi.<\/strong><\/p>\n<p data-start=\"238\" data-end=\"497\">\u201eTU e\u0219ti cea care d\u0103ruie\u0219ti iubire, alinare \u0219i speran\u021b\u0103, chiar \u0219i \u00een cele mai grele momente\u201d, se arat\u0103 \u00een mesajul publicat. Oamenii legii au transmis ur\u0103ri de s\u0103n\u0103tate, apreciere \u0219i fericire, subliniind importan\u021ba respectului \u0219i recuno\u0219tin\u021bei fa\u021b\u0103 de femei.<\/p>\n<p data-start=\"499\" data-end=\"581\" data-is-last-node=\"\" data-is-only-node=\"\">\u201eLa mul\u021bi ani, Femeie!\u201d \u2013 este \u00eendemnul Poli\u021biei Na\u021bionale \u00een aceast\u0103 zi special\u0103.<\/p>\n<\/div>\n","protected":false},"excerpt":{"rendered":"<div><img loading=\"lazy\" decoding=\"async\" width=\"696\" height=\"391\" src=\"https:\/\/canal5.md\/wp-content\/uploads\/2025\/01\/Politia-poza-900x505-1-optimized.png\" class=\"attachment-large size-large wp-post-image\" alt=\"\" srcset=\"https:\/\/canal5.md\/wp-content\/uploads\/2025\/01\/Politia-poza-900x505-1-optimized.png 900w, https:\/\/canal5.md\/wp-content\/uploads\/2025\/01\/Politia-poza-900x505-1-300x168-optimized.png 300w, https:\/\/canal5.md\/wp-content\/uploads\/2025\/01\/Politia-poza-900x505-1-768x431-optimized.png 768w, https:\/\/canal5.md\/wp-content\/uploads\/2025\/01\/Politia-poza-900x505-1-696x391-optimized.png 696w\">De Ziua Interna\u021bional\u0103 a Femeii, Poli\u021bia Na\u021bional\u0103 a adresat un mesaj emo\u021bionant tuturor femeilor, eviden\u021biind rolul lor esen\u021bial \u00een via\u021ba de zi cu zi. \u201eTU e\u0219ti cea care d\u0103ruie\u0219ti iubire, alinare \u0219i speran\u021b\u0103, chiar \u0219i \u00een cele mai grele momente\u201d, se arat\u0103 \u00een mesajul publicat. Oamenii legii au transmis ur\u0103ri de s\u0103n\u0103tate, apreciere \u0219i fericire, [\u2026]<\/div>\n","protected":false},"author":1,"featured_media":68646,"comment_status":"closed","ping_status":"closed","sticky":false,"template":"","format":"standard","meta":{"jnews-multi-image_gallery":[],"jnews_single_post":[],"jnews_primary_category":[],"jnews_social_meta":[],"jnews_override_counter":[],"footnotes":""},"categories":[30],"tags":[],"class_list":["post-68645","post","type-post","status-publish","format-standard","has-post-thumbnail","hentry","category-social_ro"],"_links":{"self":[{"href":"https:\/\/orheifm.live\/index.php\/wp-json\/wp\/v2\/posts\/68645","targetHints":{"allow":["GET"]}}],"collection":[{"href":"https:\/\/orheifm.live\/index.php\/wp-json\/wp\/v2\/posts"}],"about":[{"href":"https:\/\/orheifm.live\/index.php\/wp-json\/wp\/v2\/types\/post"}],"author":[{"embeddable":true,"href":"https:\/\/orheifm.live\/index.php\/wp-json\/wp\/v2\/users\/1"}],"replies":[{"embeddable":true,"href":"https:\/\/orheifm.live\/index.php\/wp-json\/wp\/v2\/comments?post=68645"}],"version-history":[{"count":0,"href":"https:\/\/orheifm.live\/index.php\/wp-json\/wp\/v2\/posts\/68645\/revisions"}],"wp:featuredmedia":[{"embeddable":true,"href":"https:\/\/orheifm.live\/index.php\/wp-json\/wp\/v2\/media\/68646"}],"wp:attachment":[{"href":"https:\/\/orheifm.live\/index.php\/wp-json\/wp\/v2\/media?parent=68645"}],"wp:term":[{"taxonomy":"category","embeddable":true,"href":"https:\/\/orheifm.live\/index.php\/wp-json\/wp\/v2\/categories?post=68645"},{"taxonomy":"post_tag","embeddable":true,"href":"https:\/\/orheifm.live\/index.php\/wp-json\/wp\/v2\/tags?post=68645"}],"curies":[{"name":"wp","href":"https:\/\/api.w.org\/{rel}","templated":true}]}}