{"id":68643,"date":"2025-03-08T09:20:54","date_gmt":"2025-03-08T07:20:54","guid":{"rendered":"https:\/\/orheifm.live\/index.php\/2025\/03\/08\/prognoza-meteo-pentru-8-martie\/"},"modified":"2025-03-08T09:20:54","modified_gmt":"2025-03-08T07:20:54","slug":"prognoza-meteo-pentru-8-martie","status":"publish","type":"post","link":"https:\/\/orheifm.live\/index.php\/2025\/03\/08\/prognoza-meteo-pentru-8-martie\/","title":{"rendered":"Prognoza meteo pentru 8 martie"},"content":{"rendered":"<div>\n<p>Pentru ast\u0103zi, meteorologii prognozeaz\u0103 o vreme cald\u0103 de prim\u0103var\u0103.<\/p>\n<p>Ziua, \u00een sudul \u021b\u0103rii, temperatura aerului va fi de +17\u2026+19\u00b0C.<\/p>\n<p>\u00cen centru se a\u0219teapt\u0103 +15\u2026+17\u00b0C, iar \u00een nord termometrele vor indica +12\u2026+14\u00b0C.<\/p>\n<p>Temperatura minim\u0103 poate ajunge p\u00een\u0103 la -1 grad.<\/p>\n<\/div>\n","protected":false},"excerpt":{"rendered":"<div><img loading=\"lazy\" decoding=\"async\" width=\"696\" height=\"458\" src=\"https:\/\/canal5.md\/wp-content\/uploads\/2025\/03\/801820-optimized.webp\" class=\"attachment-large size-large wp-post-image\" alt=\"\" srcset=\"https:\/\/canal5.md\/wp-content\/uploads\/2025\/03\/801820-optimized.webp 760w, https:\/\/canal5.md\/wp-content\/uploads\/2025\/03\/801820-300x197-optimized.webp 300w, https:\/\/canal5.md\/wp-content\/uploads\/2025\/03\/801820-696x458-optimized.webp 696w\">Pentru ast\u0103zi, meteorologii prognozeaz\u0103 o vreme cald\u0103 de prim\u0103var\u0103. Ziua, \u00een sudul \u021b\u0103rii, temperatura aerului va fi de +17\u2026+19\u00b0C. \u00cen centru se a\u0219teapt\u0103 +15\u2026+17\u00b0C, iar \u00een nord termometrele vor indica +12\u2026+14\u00b0C. Temperatura minim\u0103 poate ajunge p\u00een\u0103 la -1 grad.<\/div>\n","protected":false},"author":1,"featured_media":68644,"comment_status":"closed","ping_status":"closed","sticky":false,"template":"","format":"standard","meta":{"jnews-multi-image_gallery":[],"jnews_single_post":[],"jnews_primary_category":[],"jnews_social_meta":[],"jnews_override_counter":[],"footnotes":""},"categories":[30],"tags":[],"class_list":["post-68643","post","type-post","status-publish","format-standard","has-post-thumbnail","hentry","category-social_ro"],"_links":{"self":[{"href":"https:\/\/orheifm.live\/index.php\/wp-json\/wp\/v2\/posts\/68643","targetHints":{"allow":["GET"]}}],"collection":[{"href":"https:\/\/orheifm.live\/index.php\/wp-json\/wp\/v2\/posts"}],"about":[{"href":"https:\/\/orheifm.live\/index.php\/wp-json\/wp\/v2\/types\/post"}],"author":[{"embeddable":true,"href":"https:\/\/orheifm.live\/index.php\/wp-json\/wp\/v2\/users\/1"}],"replies":[{"embeddable":true,"href":"https:\/\/orheifm.live\/index.php\/wp-json\/wp\/v2\/comments?post=68643"}],"version-history":[{"count":0,"href":"https:\/\/orheifm.live\/index.php\/wp-json\/wp\/v2\/posts\/68643\/revisions"}],"wp:featuredmedia":[{"embeddable":true,"href":"https:\/\/orheifm.live\/index.php\/wp-json\/wp\/v2\/media\/68644"}],"wp:attachment":[{"href":"https:\/\/orheifm.live\/index.php\/wp-json\/wp\/v2\/media?parent=68643"}],"wp:term":[{"taxonomy":"category","embeddable":true,"href":"https:\/\/orheifm.live\/index.php\/wp-json\/wp\/v2\/categories?post=68643"},{"taxonomy":"post_tag","embeddable":true,"href":"https:\/\/orheifm.live\/index.php\/wp-json\/wp\/v2\/tags?post=68643"}],"curies":[{"name":"wp","href":"https:\/\/api.w.org\/{rel}","templated":true}]}}