{"id":68641,"date":"2025-03-07T23:14:05","date_gmt":"2025-03-07T21:14:05","guid":{"rendered":"https:\/\/orheifm.live\/index.php\/2025\/03\/07\/video-panica-intr-un-tren-in-italia-din-cauza-unui-sarpe-incidentul-a-dat-peste-cap-traficul-feroviar-cateva-ore\/"},"modified":"2025-03-07T23:14:05","modified_gmt":"2025-03-07T21:14:05","slug":"video-panica-intr-un-tren-in-italia-din-cauza-unui-sarpe-incidentul-a-dat-peste-cap-traficul-feroviar-cateva-ore","status":"publish","type":"post","link":"https:\/\/orheifm.live\/index.php\/2025\/03\/07\/video-panica-intr-un-tren-in-italia-din-cauza-unui-sarpe-incidentul-a-dat-peste-cap-traficul-feroviar-cateva-ore\/","title":{"rendered":"VIDEO Panic\u0103 \u00eentr-un tren \u00een Italia din cauza unui \u0219arpe. Incidentul a dat peste cap traficul feroviar c\u00e2teva ore"},"content":{"rendered":"<div>\n<p>La bordul unui tren de mare vitez\u0103 Frecciarossa 8814, care circula pe ruta Lecce \u2013 Milano, \u00een Italia, a avut loc un incident neobi\u015fnuit, care a dus la \u00eengreunarea traficului feroviar \u015fi la \u00eent\u00e2rzieri semnificative ale trenurilor. Un \u015farpe a fost descoperit de c\u0103l\u0103tori \u00eentr-unul dintre vagoane.<\/p>\n<p>Trenul plecase din localitatea Lecce la ora 5:55 \u0219i ar fi trebuit s\u0103 ajung\u0103 la Milano la 14:25, dar a fost oprit \u00een sta\u021bia din Ancona, unde echipele de interven\u021bie au \u00eenceput imediat c\u0103ut\u0103rile pentru a captura reptila. Corpul Silvic Ancona a fost imediat activat \u0219i s-a urcat \u00een tren, dar nu a reu\u0219it s\u0103 captureze animalul, care a reu\u015fit s\u0103 se ascund\u0103 \u00een gurile de aerisire ale trenului, relateaz\u0103\u00a0<a href=\"https:\/\/www.open.online\/2025\/03\/06\/serpente-treno-frecciarossa-caos-video\/\">presa din Italia<\/a>.<\/p>\n<p>Compania feroviar\u0103 a decis s\u0103 anuleze trenul din motive igienico-sanitare, iar c\u0103l\u0103torii au fost \u00eendruma\u0163i s\u0103 ia alte curse pentru a-\u0219i continua drumul spre destina\u021biile planificate.<\/p>\n<p>Astfel, dup\u0103 o sta\u0163ionare de dou\u0103 ore, trenul a plecat complet gol spre Milano, unde probabil c\u0103 va trebui demontat \u00eentreg sistemul de ventila\u0163ie pentru a extrage \u0219arpele.<\/p>\n<p>Cum a ap\u0103rut reptila \u00een tren este un fapt care deocamdat\u0103 r\u0103m\u00e2ne necunoscut, \u00eens\u0103 momentul a fost surprins \u00eentr-un scurt videoclip realizat de un pasager \u00eenainte de a p\u0103r\u0103si trenul.<\/p>\n<div class=\"DAGInScrollContainer\">\n<div class=\"DAGInScrollWrapper\">\n<div class=\"DAGInScrollInner\">\n<div id=\"div-gpt-ad-1730382956619-0\" class=\"bannerBox\" data-google-query-id=\"CLD1nJ7x-IsDFSPxEQgdRDY7tg\"><\/div>\n<\/div>\n<\/div>\n<\/div>\n<\/div>\n","protected":false},"excerpt":{"rendered":"<div><img loading=\"lazy\" decoding=\"async\" width=\"696\" height=\"392\" src=\"https:\/\/canal5.md\/wp-content\/uploads\/2025\/03\/video-panica-intr-un-tren-in-italia-din-cauza-unui-sarpe-incidentul-a-dat-peste-cap-traficul-feroviar-cateva-ore-956442-1024x576-optimized.jpg\" class=\"attachment-large size-large wp-post-image\" alt=\"\" srcset=\"https:\/\/canal5.md\/wp-content\/uploads\/2025\/03\/video-panica-intr-un-tren-in-italia-din-cauza-unui-sarpe-incidentul-a-dat-peste-cap-traficul-feroviar-cateva-ore-956442-1024x576-optimized.jpg 1024w, https:\/\/canal5.md\/wp-content\/uploads\/2025\/03\/video-panica-intr-un-tren-in-italia-din-cauza-unui-sarpe-incidentul-a-dat-peste-cap-traficul-feroviar-cateva-ore-956442-300x169-optimized.jpg 300w, https:\/\/canal5.md\/wp-content\/uploads\/2025\/03\/video-panica-intr-un-tren-in-italia-din-cauza-unui-sarpe-incidentul-a-dat-peste-cap-traficul-feroviar-cateva-ore-956442-768x432-optimized.jpg 768w, https:\/\/canal5.md\/wp-content\/uploads\/2025\/03\/video-panica-intr-un-tren-in-italia-din-cauza-unui-sarpe-incidentul-a-dat-peste-cap-traficul-feroviar-cateva-ore-956442-696x392-optimized.jpg 696w, https:\/\/canal5.md\/wp-content\/uploads\/2025\/03\/video-panica-intr-un-tren-in-italia-din-cauza-unui-sarpe-incidentul-a-dat-peste-cap-traficul-feroviar-cateva-ore-956442-1068x601-optimized.jpg 1068w, https:\/\/canal5.md\/wp-content\/uploads\/2025\/03\/video-panica-intr-un-tren-in-italia-din-cauza-unui-sarpe-incidentul-a-dat-peste-cap-traficul-feroviar-cateva-ore-956442-optimized.jpg 1200w\">La bordul unui tren de mare vitez\u0103 Frecciarossa 8814, care circula pe ruta Lecce \u2013 Milano, \u00een Italia, a avut loc un incident neobi\u015fnuit, care a dus la \u00eengreunarea traficului feroviar \u015fi la \u00eent\u00e2rzieri semnificative ale trenurilor. Un \u015farpe a fost descoperit de c\u0103l\u0103tori \u00eentr-unul dintre vagoane. Trenul plecase din localitatea Lecce la ora 5:55 [\u2026]<\/div>\n","protected":false},"author":1,"featured_media":68642,"comment_status":"closed","ping_status":"closed","sticky":false,"template":"","format":"standard","meta":{"jnews-multi-image_gallery":[],"jnews_single_post":[],"jnews_primary_category":[],"jnews_social_meta":[],"jnews_override_counter":[],"footnotes":""},"categories":[29],"tags":[],"class_list":["post-68641","post","type-post","status-publish","format-standard","has-post-thumbnail","hentry","category-externe_ro"],"_links":{"self":[{"href":"https:\/\/orheifm.live\/index.php\/wp-json\/wp\/v2\/posts\/68641","targetHints":{"allow":["GET"]}}],"collection":[{"href":"https:\/\/orheifm.live\/index.php\/wp-json\/wp\/v2\/posts"}],"about":[{"href":"https:\/\/orheifm.live\/index.php\/wp-json\/wp\/v2\/types\/post"}],"author":[{"embeddable":true,"href":"https:\/\/orheifm.live\/index.php\/wp-json\/wp\/v2\/users\/1"}],"replies":[{"embeddable":true,"href":"https:\/\/orheifm.live\/index.php\/wp-json\/wp\/v2\/comments?post=68641"}],"version-history":[{"count":0,"href":"https:\/\/orheifm.live\/index.php\/wp-json\/wp\/v2\/posts\/68641\/revisions"}],"wp:featuredmedia":[{"embeddable":true,"href":"https:\/\/orheifm.live\/index.php\/wp-json\/wp\/v2\/media\/68642"}],"wp:attachment":[{"href":"https:\/\/orheifm.live\/index.php\/wp-json\/wp\/v2\/media?parent=68641"}],"wp:term":[{"taxonomy":"category","embeddable":true,"href":"https:\/\/orheifm.live\/index.php\/wp-json\/wp\/v2\/categories?post=68641"},{"taxonomy":"post_tag","embeddable":true,"href":"https:\/\/orheifm.live\/index.php\/wp-json\/wp\/v2\/tags?post=68641"}],"curies":[{"name":"wp","href":"https:\/\/api.w.org\/{rel}","templated":true}]}}