{"id":68631,"date":"2025-03-07T20:58:43","date_gmt":"2025-03-07T18:58:43","guid":{"rendered":"https:\/\/orheifm.live\/index.php\/2025\/03\/07\/alexandr-nesterovschi-acuza-presiuni-politice-asupra-procesului-si-cere-sa-fie-judecat-conform-legii-fara-influente-externe\/"},"modified":"2025-03-07T20:58:43","modified_gmt":"2025-03-07T18:58:43","slug":"alexandr-nesterovschi-acuza-presiuni-politice-asupra-procesului-si-cere-sa-fie-judecat-conform-legii-fara-influente-externe","status":"publish","type":"post","link":"https:\/\/orheifm.live\/index.php\/2025\/03\/07\/alexandr-nesterovschi-acuza-presiuni-politice-asupra-procesului-si-cere-sa-fie-judecat-conform-legii-fara-influente-externe\/","title":{"rendered":"Alexandr Nesterovschi acuz\u0103 presiuni politice asupra procesului \u0219i cere s\u0103 fie judecat conform legii, f\u0103r\u0103 influen\u021be externe"},"content":{"rendered":"<div>\n<p><strong>\u00a0Sentin\u021ba de condamnare a deputatului Blocului Victorie, Alexandr Nesterovschi, acuzat de corupere pasiv\u0103 \u0219i finan\u021bare ilegal\u0103 a unui partid politic, va fi pronun\u021bat\u0103 pe 19 martie. Decizia a fost luat\u0103 de magistra\u021bii Judec\u0103toriei Chi\u0219in\u0103u, sediul Buiucani, dup\u0103 ce p\u0103r\u021bile implicate \u0219i-au prezentat ultimul cuv\u00e2nt.<\/strong><br \/>\n<iframe loading=\"lazy\" title=\"YouTube video player\" src=\"https:\/\/www.youtube.com\/embed\/eQCEiVN1rLU?si=2UtYzp4nQynD4o-s\" width=\"560\" height=\"315\" frameborder=\"0\" allowfullscreen=\"allowfullscreen\"><\/iframe><br \/>\n\u00cen cadrul \u0219edin\u021bei, Nesterovschi a exprimat \u00eendoieli cu privire la impar\u021bialitatea procesului, sus\u021bin\u00e2nd c\u0103 se exercit\u0103 presiuni politice asupra judec\u0103torilor. \u00cen fa\u021ba instan\u021bei, zeci de sus\u021bin\u0103tori, inclusiv membri ai Blocului \u201dVictorie\u201d \u0219i sora deputatului, au venit pentru a-l sprijini.<\/p>\n<p>\u00cen ultimul s\u0103u cuv\u00e2nt \u00een fa\u021ba instan\u021bei, deputatul Blocului Victorie, Alexandr Nesterovschi, a pledat nevinovat, subliniind c\u0103 nu exist\u0103 dovezi care s\u0103-i confirme vinov\u0103\u021bia. De asemenea, acesta a precizat c\u0103 nu a fost implicat \u00een nicio finan\u021bare ilegal\u0103, a\u0219a cum se sus\u021bine \u00een dosar \u0219i cum a declarat Arina Sp\u0103taru, matu\u0219ca de la B\u0103l\u021bi, care l-a denun\u021bat pe politician, dar care nici m\u0103car nu s-a prezentat \u00een instan\u021b\u0103.<\/p>\n<p>ALEXANDR NESTEROVSCHI, deputat Blocul \u201dVictorie\u201d<\/p>\n<p>De la \u00eenceput p\u00e2n\u0103 la sf\u00e2r\u0219it, esen\u021ba este c\u0103 nu exist\u0103 dovezi clare. Un singur om, Arina, a spus ceva, iar dup\u0103 ce a depus m\u0103rturie aici, a uitat deja ce a spus \u0219i cum. Mai mult, chiar so\u021bul ei a contrazis-o, afirm\u00e2nd: \u201eDa, am fost la \u0218or, am cerut bani pentru biseric\u0103, da, so\u021bul ei este preot, iar \u0218or a dat bani pentru a construi biserica\u201d. \u0218i acum sunt judecat pentru faptul c\u0103 \u0218or a dat bani pentru biseric\u0103.<\/p>\n<p>Aceasta este una dintre acuza\u021biile aduse, fiindc\u0103 procurorul consider\u0103 c\u0103 ar fi o tentativ\u0103 de finan\u021bare ilegal\u0103 a unui partid. De\u0219i am spus de mai multe ori, \u0219i Ilan \u0218or a confirmat, at\u00e2t la telefon, c\u00e2t \u0219i \u00een \u00eenregistr\u0103rile telefonice, c\u0103 ace\u0219ti bani au fost destina\u021bi exclusiv pentru biseric\u0103, acum sunt judecat pentru asta.<\/p>\n<p>Nu au g\u0103sit niciun ban, nu au g\u0103sit nicio cheltuial\u0103, nimeni nu a cump\u0103rat nimic. Arina a men\u021bionat suma \u00een timpul audierilor, fiind agent, \u0219i eu nu am contestat-o.<\/p>\n<p>Nu am spus \u201eda, am primit ace\u0219ti bani\u201d, ci doar am z\u00e2mbit ca r\u0103spuns, iar ei au consemnat asta ca \u0219i cum a\u0219 fi fost de acord \u0219i au \u00eenmul\u021bit suma cu 7, ob\u021bin\u00e2nd astfel o sum\u0103 considerabil\u0103.<\/p>\n<p>Potrivit avocatului Iulian Paciurca, Alexandr Nesterovschi este acuzat de corupere pasiv\u0103 \u0219i finan\u021bare ilegal\u0103 a unui partid politic. Potrivit avocatului, clientul s\u0103u nu are nicio vin\u0103 \u00een acest dosar \u0219i \u00ee\u0219i exprim\u0103 speran\u021ba c\u0103 decizia judec\u0103torilor va fi una just\u0103.<\/p>\n<p>IULIAN PACIURCA, avocat<\/p>\n<p>Sper\u0103m c\u0103 va fi o sentin\u021b\u0103 favorabil\u0103 pentru noi, av\u00e2nd \u00een vedere multiplele \u00eenc\u0103lc\u0103ri invocate de ap\u0103rare, care urmeaz\u0103 s\u0103 fie examinate \u00een detaliu. Sunt convins c\u0103 instan\u021ba de judecat\u0103 va fi echitabil\u0103, chiar \u0219i \u00een condi\u021biile \u00een care, la anumite etape, ap\u0103rarea a sim\u021bit presiuni externe asupra acestui proces de judecat\u0103.<\/p>\n<p>\u00cenainte de \u00eenceperea \u0219edin\u021bei, Alexandr Nesterovschi, \u00eempreun\u0103 cu avocatul s\u0103u, a depus o cerere de recuzare a judec\u0103torului, \u00eens\u0103 instan\u021ba a respins-o, motiv pentru care Nesterovschi a exprimat \u00eengrijorare cu privire la desf\u0103\u0219urarea procesului. Conform spuselor sale, pe parcursul litigiului, el a tratat instan\u021ba cu respect, dar mai multe evenimente l-au determinat s\u0103 pun\u0103 la \u00eendoial\u0103 obiectivitatea cu care este examinat\u0103 cauza.<\/p>\n<p>ALEXANDR NESTEROVSCHI, deputat Blocul \u201dVictorie\u201d<\/p>\n<p>Pe parcursul unui an \u0219i jum\u0103tate, c\u00e2t au durat procesele, am tratat instan\u021bele cu respect \u0219i \u00eenc\u0103 consider c\u0103 acestea trebuie s\u0103 fie obiective. Totu\u0219i, au avut loc c\u00e2teva evenimente care m-au f\u0103cut s\u0103 m\u0103 \u00eengrijorez.<\/p>\n<p>Primul moment a fost pe 31 decembrie, \u00eenainte de Anul Nou, c\u00e2nd m-a sunat secretara \u0219i m-a anun\u021bat c\u0103 va avea loc o \u0219edin\u021b\u0103 chiar \u00een acea zi. Cu o zi \u00eenainte, fusesem la judecat\u0103, \u00eencheiasem concediul medical \u0219i anun\u021basem judec\u0103torul c\u0103 inten\u021bionez s\u0103 plec cu familia \u00een Bra\u0219ov pentru trei zile.<\/p>\n<p>\u00cen final, judec\u0103torul a cedat \u00een fa\u021ba procurorului \u0219i mi-a interzis din nou s\u0103 plec.<\/p>\n<p>Potrivit acestuia, un alt motiv de \u00eengrijorare a fost faptul c\u0103, la ultima \u0219edin\u021b\u0103, procurorul a prezentat trei volume noi ale dosarului, cu care Nesterovschi nu a avut timp s\u0103 se familiarizeze. De asemenea, nu a avut posibilitatea s\u0103 cheme martori, iar documentele nu au fost traduse \u00een limba rus\u0103, a\u0219a cum prevede legea.<\/p>\n<p>Cu toate acestea, instan\u021ba a continuat procesul, ignor\u00e2nd obiec\u021biile sale. Mai mult, Nesterovschi a propus audierea a 12 martori din partea ap\u0103r\u0103rii, \u00eens\u0103 instan\u021ba a acceptat doar 2, ceea ce i-a sporit \u00eengrijorarea.<\/p>\n<p>ALEXANDR NESTEROVSCHI, deputat Blocul \u201dVictorie\u201d<\/p>\n<p>\u00cen\u021beleg c\u0103 asupra instan\u021bei se face o presiune politic\u0103 enorm\u0103. \u00cen\u021beleg foarte bine acest lucru, pentru c\u0103 tr\u0103im \u00een Moldova. Nu m\u0103 tem de o judecat\u0103 corect\u0103 \u0219i cer doar un singur lucru \u2013 s\u0103 fiu judecat conform legii. Rog s\u0103 fiu judecat conform legii. Dar, \u00een acela\u0219i timp, \u00een\u021beleg c\u0103 exist\u0103 o presiune politic\u0103 \u0219i ce se \u00eent\u00e2mpl\u0103.<\/p>\n<p>Dup\u0103 \u00eencheierea procesului de judecat\u0103, Nesterovschi a fost \u00eent\u00e2mpinat la ie\u0219irea din cl\u0103dire de zeci de simpatizan\u021bi, membri ai Blocului \u201dVictorie\u201d, rude \u0219i prieteni, care au venit s\u0103-l sus\u021bin\u0103 \u0219i s\u0103 cear\u0103 un proces echitabil.<\/p>\n<p>DIANA CEBANENCO, sora lui Alexandr Nesterovschi<\/p>\n<p>Ca sor\u0103, prieten, camarad \u0219i parte a unei echipe mari, suntem hot\u0103r\u00e2\u021bi \u0219i vom lupta pentru dreptate. Dac\u0103 nu vom fi asculta\u021bi, vom cere aceasta. Pentru dreptate vor ie\u0219i \u0219i mai mul\u021bi oameni. Mitingul de ast\u0103zi nu a fost organizat dinainte \u2013 oamenii au venit de bun\u0103 voie pentru a-l sus\u021bine pe Alexandr.<\/p>\n<p>Juridic, dosarul con\u021bine multe incoeren\u021be, sunt multe momente care, \u00eentr-un sistem judiciar corect, acest caz ar fi fost deja respins, dac\u0103 aveam o structur\u0103 judiciar\u0103 corect\u0103 \u0219i sincer\u0103.<\/p>\n<p>IVAN STAMOV, activist civic<\/p>\n<p>Pretutindeni se petrec abuzuri politice, iar ceea ce se \u00eent\u00e2mpl\u0103 ast\u0103zi cu domnul Nesterovski nu poate fi numit altfel dec\u00e2t un proces \u00eenscenat. Ast\u0103zi, o persoan\u0103 care \u00eencearc\u0103 s\u0103 vorbeasc\u0103 \u0219i s\u0103 exprime opinia majorit\u0103\u021bii absolute a cet\u0103\u021benilor Republicii Moldova este supus\u0103 tentativelor de a-i fi restr\u00e2ns\u0103 libertatea.<\/p>\n<p>Astfel, autorit\u0103\u021bile actuale \u00eencearc\u0103 s\u0103 \u00eenchid\u0103 gura tuturor liderilor liberi ai opiniei publice. \u00cen opinia noii noastre guvern\u0103ri, pe care o consider dictatur\u0103, poate exista doar o singur\u0103 opinie \u2013 opinia Maiei Sandu \u0219i a partidului de guvern\u0103m\u00e2nt PAS.<\/p>\n<p>Ast\u0103zi, nu am venit doar s\u0103-l ap\u0103r\u0103m pe Alexandr Nesterovschi, ast\u0103zi am venit s\u0103 ap\u0103r\u0103m to\u021bi cet\u0103\u021benii Republicii Moldova care nu sunt de acord cu aceast\u0103 politic\u0103. Distrugerea propriei na\u021biuni.<\/p>\n<p>VALERII KLIMENKO, membru al Blocului \u201dVictorie\u201d<\/p>\n<p>Noi pur \u0219i simplu \u0219tim \u0219i presim\u021bim cum va fi decizia, nu conteaz\u0103 dac\u0103 persoana este vinovat\u0103 sau nu. Ast\u0103zi, \u00een Moldova, este important dac\u0103 aceast\u0103 persoan\u0103 este \u00een opozi\u021bie sau nu fa\u021b\u0103 de autorit\u0103\u021bi. Dac\u0103 este \u00een opozi\u021bie fa\u021b\u0103 de guvernare, a\u0219teapt\u0103-te la necazuri, chiar dac\u0103 ai 25 de argumente \u00een favoarea nevinov\u0103\u021biei tale.<\/p>\n<p>Procurorul de caz nu a comentat acuza\u021biile aduse de Nesterovschi. \u00cen cadrul \u0219edin\u021bei de judecat\u0103, pentru a-\u0219i sus\u021bine declara\u021biile, nu a fost prezent\u0103 nici fosta deputat\u0103 Arina Sp\u0103taru, cea care a f\u0103cut denun\u021bul \u00eempotriva lui Nesterovski. Urm\u0103toarea \u0219edin\u021b\u0103 de judecat\u0103, \u00een care va fi pronun\u021bat\u0103 sentin\u021ba, este programat\u0103 pentru 19 martie.<\/p>\n<p>Alexandr Nesterovschi este acuzat de corupere pasiv\u0103 \u00een propor\u021bii deosebit de mari, \u00een interesul unui grup criminal organizat, \u0219i de preg\u0103tirea finan\u021b\u0103rii partidelor politice din surse interzise de lege, s\u0103v\u00e2r\u0219it\u0103 \u00een propor\u021bii mari. Potrivit procurorilor, deputatul i-ar fi propus Arinei Sp\u0103taru bani pentru a se al\u0103tura unui proiect politic ini\u021biat de Ilan \u0218or.<\/p>\n<p>La r\u00e2ndul s\u0103u, Nesterovschi a acuzat-o pe Sp\u0103taru c\u0103 ar fi furat peste 1,4 milioane de dolari pe care el i-ar fi oferit pentru anumite persoane din staff-ul partidului ALDE, pe care aceasta \u00eel conducea.<\/p>\n<\/div>\n","protected":false},"excerpt":{"rendered":"<div><img decoding=\"async\" width=\"696\" height=\"365\" src=\"https:\/\/canal5.md\/wp-content\/uploads\/2025\/03\/c6f19195286f43e6c48abcc73207f9f0-1024x537-optimized.jpg\" class=\"attachment-large size-large wp-post-image\" alt=\"\" loading=\"lazy\" srcset=\"https:\/\/canal5.md\/wp-content\/uploads\/2025\/03\/c6f19195286f43e6c48abcc73207f9f0-1024x537-optimized.jpg 1024w, https:\/\/canal5.md\/wp-content\/uploads\/2025\/03\/c6f19195286f43e6c48abcc73207f9f0-300x157-optimized.jpg 300w, https:\/\/canal5.md\/wp-content\/uploads\/2025\/03\/c6f19195286f43e6c48abcc73207f9f0-768x402-optimized.jpg 768w, https:\/\/canal5.md\/wp-content\/uploads\/2025\/03\/c6f19195286f43e6c48abcc73207f9f0-1536x805-optimized.jpg 1536w, https:\/\/canal5.md\/wp-content\/uploads\/2025\/03\/c6f19195286f43e6c48abcc73207f9f0-696x365-optimized.jpg 696w, https:\/\/canal5.md\/wp-content\/uploads\/2025\/03\/c6f19195286f43e6c48abcc73207f9f0-1068x560-optimized.jpg 1068w, https:\/\/canal5.md\/wp-content\/uploads\/2025\/03\/c6f19195286f43e6c48abcc73207f9f0-optimized.jpg 1920w\">\u00a0Sentin\u021ba de condamnare a deputatului Blocului Victorie, Alexandr Nesterovschi, acuzat de corupere pasiv\u0103 \u0219i finan\u021bare ilegal\u0103 a unui partid politic, va fi pronun\u021bat\u0103 pe 19 martie. Decizia a fost luat\u0103 de magistra\u021bii Judec\u0103toriei Chi\u0219in\u0103u, sediul Buiucani, dup\u0103 ce p\u0103r\u021bile implicate \u0219i-au prezentat ultimul cuv\u00e2nt. \u00cen cadrul \u0219edin\u021bei, Nesterovschi a exprimat \u00eendoieli cu privire la impar\u021bialitatea [\u2026]<\/div>\n","protected":false},"author":1,"featured_media":68632,"comment_status":"closed","ping_status":"closed","sticky":false,"template":"","format":"standard","meta":{"jnews-multi-image_gallery":[],"jnews_single_post":[],"jnews_primary_category":[],"jnews_social_meta":[],"jnews_override_counter":[],"footnotes":""},"categories":[30],"tags":[],"class_list":["post-68631","post","type-post","status-publish","format-standard","has-post-thumbnail","hentry","category-social_ro"],"_links":{"self":[{"href":"https:\/\/orheifm.live\/index.php\/wp-json\/wp\/v2\/posts\/68631","targetHints":{"allow":["GET"]}}],"collection":[{"href":"https:\/\/orheifm.live\/index.php\/wp-json\/wp\/v2\/posts"}],"about":[{"href":"https:\/\/orheifm.live\/index.php\/wp-json\/wp\/v2\/types\/post"}],"author":[{"embeddable":true,"href":"https:\/\/orheifm.live\/index.php\/wp-json\/wp\/v2\/users\/1"}],"replies":[{"embeddable":true,"href":"https:\/\/orheifm.live\/index.php\/wp-json\/wp\/v2\/comments?post=68631"}],"version-history":[{"count":0,"href":"https:\/\/orheifm.live\/index.php\/wp-json\/wp\/v2\/posts\/68631\/revisions"}],"wp:featuredmedia":[{"embeddable":true,"href":"https:\/\/orheifm.live\/index.php\/wp-json\/wp\/v2\/media\/68632"}],"wp:attachment":[{"href":"https:\/\/orheifm.live\/index.php\/wp-json\/wp\/v2\/media?parent=68631"}],"wp:term":[{"taxonomy":"category","embeddable":true,"href":"https:\/\/orheifm.live\/index.php\/wp-json\/wp\/v2\/categories?post=68631"},{"taxonomy":"post_tag","embeddable":true,"href":"https:\/\/orheifm.live\/index.php\/wp-json\/wp\/v2\/tags?post=68631"}],"curies":[{"name":"wp","href":"https:\/\/api.w.org\/{rel}","templated":true}]}}