{"id":68629,"date":"2025-03-07T20:56:12","date_gmt":"2025-03-07T18:56:12","guid":{"rendered":"https:\/\/orheifm.live\/index.php\/2025\/03\/07\/vasile-costiuc-descopera-o-noua-casa-de-milioane-a-unuia-dintre-liderii-politiei-video\/"},"modified":"2025-03-07T20:56:12","modified_gmt":"2025-03-07T18:56:12","slug":"vasile-costiuc-descopera-o-noua-casa-de-milioane-a-unuia-dintre-liderii-politiei-video","status":"publish","type":"post","link":"https:\/\/orheifm.live\/index.php\/2025\/03\/07\/vasile-costiuc-descopera-o-noua-casa-de-milioane-a-unuia-dintre-liderii-politiei-video\/","title":{"rendered":"Vasile Costiuc descoper\u0103 o nou\u0103 cas\u0103 de milioane a unuia dintre liderii poli\u021biei |VIDEO"},"content":{"rendered":"<div>\n<p><strong>Liderul partidului \u201eDemocra\u021bia Acas\u0103\u201d, Vasile Costiuc, a f\u0103cut o nou\u0103 dezv\u0103luire public\u0103 referitoare la casele de milioane ale angaja\u021bilor din poli\u021bie. De aceast\u0103 dat\u0103, el a ar\u0103tat locuin\u021ba lui Ruslan Popa, \u0219eful Direc\u021biei Patrulare Centru al Inspectoratului Na\u021bional de Securitate Public\u0103 (INSP). <\/strong><br \/>\n<iframe loading=\"lazy\" title=\"YouTube video player\" src=\"https:\/\/www.youtube.com\/embed\/YylYfDi7enw?si=kLIlMeB0onINAnw4\" width=\"560\" height=\"315\" frameborder=\"0\" allowfullscreen=\"allowfullscreen\"><\/iframe><br \/>\nPotrivit lui Costiuc, casa de milioane de euro a lui Popa a fost construit\u0103 \u00eentr-o zon\u0103 reziden\u021bial\u0103 din raionul Ialoveni, din veniturile ob\u021binute din afacerea \u201eparcarea de la Tru\u0219eni\u201d, unde sunt duse ma\u0219inile evacuate din Chi\u0219in\u0103u.<\/p>\n<p>Aceasta dezv\u0103luire vine dup\u0103 ce Vasile Costiuc a fost oprit vineri diminea\u021ba de poli\u021bie pentru a fi testat dac\u0103 a consumat alcool, gest pe care l-a calificat drept un abuz la comanda \u0219efului IGP, Viorel Cern\u0103u\u021beanu, din cauza activit\u0103\u021bii sale publice \u0219i a dezv\u0103luirii averilor \u0219i caselor de milioane de\u021binute de liderii din poli\u021bie.<\/p>\n<p>Potrivit informa\u021biilor liderului \u201dDemocra\u021bia Acaas\u0103\u201d, casa de lux a lui Ruslan Popa se afl\u0103 \u00een localitatea Ialoveni.<\/p>\n<p>VASILE COSTIUC, pre\u0219edintele \u201dDemocra\u021bia Acas\u0103<\/p>\n<p>Ca s\u0103 nu cread\u0103 c\u0103 episodul Viorel Cern\u0103u\u021beanu a fost unul \u00eent\u00e2mpl\u0103tor. O s\u0103 vorbim ast\u0103zi despre adjunc\u021bii lui Cern\u0103u\u021beanu, de fapt brigada care se ocup\u0103 cu teroare \u0219i cu terorism \u0219i cu colectare ilegal\u0103 de sume impresionante de bani.<\/p>\n<p>Haide\u021bi s\u0103 mergem s\u0103 vorbim despre averea impresionant\u0103 f\u0103cut\u0103 pe banii moldovenilor, a \u0219oferilor de c\u0103tre adjunctul INSP, unul Popa.<\/p>\n<p>Iat\u0103 cum e Cern\u0103u\u021bean a\u0219a e \u0219i subalternii, pavaj, b\u0103ie\u021bii sunt gospodari, cu pavaj, a\u0219a tr\u0103iesc poli\u021bi\u0219tii.<\/p>\n<p>Ia, uita\u021bi-v\u0103, ce strad\u0103 elegant\u0103, frumoas\u0103, ia, uita\u021bi-v\u0103, ce c\u0103su\u021be, eu \u0219tiu doar de una c\u0103 e a lui Ruslan Popa.<\/p>\n<p>Cum poate un poli\u021bist-\u0219ef, c\u0103 restul, s\u0103racii, care au 10 mii de lei, nu-\u0219i pot permite s\u0103 construiasc\u0103 case cu dou\u0103 etaje, drept c\u0103 nu-i ca la Cern\u0103u\u021beanu, tre s\u0103 recunosc, sunt mult mai modeste, dar fa\u021b\u0103 de un poli\u021bist care are 9000 de lei \u0219i care pl\u0103te\u0219te 5-6 mii comunalele \u0219i nu-i r\u0103m\u00e2ne de trai dec\u00e2t 2-3 mii de lei.<\/p>\n<p>Potrivit lui Costiuc, imobilul ar fi fost ridicat din banii pe care Popa \u00eei c\u00e2\u0219tig\u0103 din afacerea \u201eparcarea de la Tru\u0219eni\u201d, unde ajung ma\u0219inile evacuate din Chi\u0219in\u0103u.<\/p>\n<p>VASILE COSTIUC, pre\u0219edintele \u201dDemocra\u021bia Acas\u0103<\/p>\n<p>Viorel Cern\u0103u\u021beanu o fost cel care a preg\u0103tit actele pentru parcarea special\u0103, iat\u0103 b\u0103ie\u021bii din interiorul vostru, eu sunt cu note informative de la Ministerul de Interne, b\u0103ie\u021bii lor, ca s\u0103 \u00een\u021belege\u021bi, lui Popa i-a revenit responsabilitatea de ridicare \u0219i plasare la parcarea special\u0103 a automobilelor din mun.<\/p>\n<p>Chi\u0219in\u0103u. Pentru un simplu calcul despre sumele fabuloase de agonisire a grupei este \u00een jur de 50-55 de automobile plasate \u00een parcare, 40 \u00een medie achitate la fa\u021ba locului c\u00e2te 790 de lei.<\/p>\n<p>Parcarea special\u0103 de la Tru\u0219eni, una din schemele profitabile, c\u00e2te 800 de lei \u0219i to\u021bi \u0219tiu c\u0103 trebuie s\u0103 pl\u0103te\u0219ti la fa\u021ba locului 800 de lei. Se adun\u0103 \u00een jur de 70 de mii de lei pe zi.<\/p>\n<p>B\u0103ie\u021bii ace\u0219tia se adun\u0103 la s\u0103rb\u0103tori \u0219i \u00eempart \u201dcu\u0219ul\u201d.<\/p>\n<p>O echip\u0103 Canal 5 a mers la fa\u021ba locului \u0219i a descoperit o cas\u0103 de lux, cu dou\u0103 etaje, despre care se spune c\u0103 ar apar\u021bine \u0219efului adjunct al INSP, Ruslan Popa. \u00cen cartierul de lux au fost observate camere de supraveghere, iar pentru a ajunge \u00een zona reziden\u021bial\u0103, este necesar s\u0103 treci prin dou\u0103 bariere de protec\u021bie, al c\u0103ror statut legal nu este clar. Un b\u0103rbat, care ie\u0219ea dintr-o curte cu automobilul, ne-a confirmat c\u0103 a patra cas\u0103 ar fi a lui Popa.<\/p>\n<p>Scuze, dar vorbesc engleza. Ruslan Popa, este casa lui.<\/p>\n<p>\u2013 Aceast\u0103 cas\u0103.<\/p>\n<p>Am mers la casa, la care ne-a indicat b\u0103rbatul \u0219i am sunat la u\u0219\u0103. Ne-a deschis un t\u00e2n\u0103r, care, destul de iritat, avea preg\u0103tit r\u0103spunsul la \u00eentrebare. Nici n-am apucat bine s\u0103 ne prezent\u0103m c\u0103 s- a \u0219i gr\u0103bit s\u0103 spun\u0103 c\u0103 nu-i nimeni acas\u0103 \u0219i a \u00eenchis u\u0219a.<\/p>\n<p>Bun\u0103 ziua.<\/p>\n<p>\u2013 Bun\u0103 ziua, dar nu-i nimeni acas\u0103.<\/p>\n<p>\u2013 Ruslan Popa, dumnealui tr\u0103ie\u0219te aici?<\/p>\n<p>\u2013 Nu-i nimeni acas\u0103.<\/p>\n<p>\u2013 Dar locuie\u0219te?<\/p>\n<p>\u2013 Nu-i nimeni acas\u0103, sunte\u021bi liberi.<\/p>\n<p>\u2013 Dar dvs. cine sunte\u021bi? Sunt acuza\u021bii \u00een adresa dumnealui\u2026.<\/p>\n<p>\u2013 Nu-i nimeni acas\u0103.<\/p>\n<p>\u2013 Dar e adev\u0103rat c\u0103 locuie\u0219te aici domnul Ruslan Popa?<\/p>\n<p>\u2013 Nu locuie\u0219e nimeni aici, eu locuiesc aici.<\/p>\n<p>\u2013 Dar cum v\u0103 numi\u021bi dvs? \u2013<\/p>\n<p>Unii vecini ne-au spus c\u0103 s-au mutat recent \u00een acea zon\u0103, a\u0219a c\u0103 nu \u0219tiu bine cine dintre angaja\u021bii din poli\u021bie stau acolo.<\/p>\n<p>Potrivit declara\u021biei de avere de anul trecut, \u00een 2023, Ruslan Popa a cump\u0103rat o cas\u0103 cu un credit de 1.165.000 lei \u0219i a declarat o alt\u0103 cas\u0103 de 460.000 lei \u0219i \u00bd cot\u0103 parte dintr-un apartament. Veniturile sale \u00eentre 2016 \u0219i 2023 au crescut, ajung\u00e2nd la 1.108.223 lei \u00een 2023.<\/p>\n<p>Nu am g\u0103sit o reac\u021bie din partea lui Ruslan Popa \u0219i nici nu am reu\u0219it s\u0103 d\u0103m de acesta penru a ne confirma dac\u0103 casa indicat\u0103 de Vasile Costiuc \u00eei apar\u021bine sau nu.<br \/>\nAmintim c\u0103, recent, liderul \u201dDemocra\u021bia Acas\u0103\u201d, Vasile Costiuc, a mai ar\u0103tat o cas\u0103 de milioane ce ar apar\u021bine \u0219efului IGP, Viorel Cern\u0103u\u021beanu.<\/p>\n<p>Imobilul construit \u00een suburbia Chi\u0219in\u0103ului, Coloni\u021ba, ar valora 30 de milioane de lei. S-a dovedit c\u0103 veniturile lui Cern\u0103u\u021beanu din declara\u021biile sale de avere \u0219i interese, de\u0219i semnificative, nu par s\u0103 justifice achizi\u021biile sale de lux.<\/p>\n<p>Reprezentan\u021bii Blocului \u201dVictorie\u201d au organizat un flashmob cer\u00e2ndu- i lui Cern\u0103u\u021banu s\u0103 prezinte o declara\u021bie de avere corect\u0103 \u0219i s\u0103 demisioneze. Deputatul Marina Tauber a depus o pl\u00e2ngere la Autoritatea Na\u021bional\u0103 de Integritate pentru a verifica veniturile \u0219i propriet\u0103\u021bile \u0219efului IGP.<\/p>\n<p>Cern\u0103u\u021banu nu a r\u0103spuns, dar serviciul de pres\u0103 al IGP a declarat c\u0103 imobilul din Coloni\u021ba nu \u00eei apar\u021bine, \u00eens\u0103 so\u021bia lui Cern\u0103u\u021beanu a declarat pentru Rise Moldova c\u0103 locuin\u021ba a fost cump\u0103rat\u0103 cu bani c\u00e2\u0219tiga\u021bi \u00een str\u0103in\u0103tate. Unde anume ar fi lucrat ca s\u0103 c\u00e2\u0219tige suficient pentru un astfel de luxos imobil, ea nu a precizat.<\/p>\n<\/div>\n","protected":false},"excerpt":{"rendered":"<div><img loading=\"lazy\" decoding=\"async\" width=\"696\" height=\"392\" src=\"https:\/\/canal5.md\/wp-content\/uploads\/2025\/03\/ohavhmnyo20-optimized.jpg\" class=\"attachment-large size-large wp-post-image\" alt=\"\" srcset=\"https:\/\/canal5.md\/wp-content\/uploads\/2025\/03\/ohavhmnyo20-optimized.jpg 800w, https:\/\/canal5.md\/wp-content\/uploads\/2025\/03\/ohavhmnyo20-300x169-optimized.jpg 300w, https:\/\/canal5.md\/wp-content\/uploads\/2025\/03\/ohavhmnyo20-768x432-optimized.jpg 768w, https:\/\/canal5.md\/wp-content\/uploads\/2025\/03\/ohavhmnyo20-696x392-optimized.jpg 696w\">Liderul partidului \u201eDemocra\u021bia Acas\u0103\u201d, Vasile Costiuc, a f\u0103cut o nou\u0103 dezv\u0103luire public\u0103 referitoare la casele de milioane ale angaja\u021bilor din poli\u021bie. De aceast\u0103 dat\u0103, el a ar\u0103tat locuin\u021ba lui Ruslan Popa, \u0219eful Direc\u021biei Patrulare Centru al Inspectoratului Na\u021bional de Securitate Public\u0103 (INSP). Potrivit lui Costiuc, casa de milioane de euro a lui Popa a fost [\u2026]<\/div>\n","protected":false},"author":1,"featured_media":68630,"comment_status":"closed","ping_status":"closed","sticky":false,"template":"","format":"standard","meta":{"jnews-multi-image_gallery":[],"jnews_single_post":[],"jnews_primary_category":[],"jnews_social_meta":[],"jnews_override_counter":[],"footnotes":""},"categories":[30],"tags":[],"class_list":["post-68629","post","type-post","status-publish","format-standard","has-post-thumbnail","hentry","category-social_ro"],"_links":{"self":[{"href":"https:\/\/orheifm.live\/index.php\/wp-json\/wp\/v2\/posts\/68629","targetHints":{"allow":["GET"]}}],"collection":[{"href":"https:\/\/orheifm.live\/index.php\/wp-json\/wp\/v2\/posts"}],"about":[{"href":"https:\/\/orheifm.live\/index.php\/wp-json\/wp\/v2\/types\/post"}],"author":[{"embeddable":true,"href":"https:\/\/orheifm.live\/index.php\/wp-json\/wp\/v2\/users\/1"}],"replies":[{"embeddable":true,"href":"https:\/\/orheifm.live\/index.php\/wp-json\/wp\/v2\/comments?post=68629"}],"version-history":[{"count":0,"href":"https:\/\/orheifm.live\/index.php\/wp-json\/wp\/v2\/posts\/68629\/revisions"}],"wp:featuredmedia":[{"embeddable":true,"href":"https:\/\/orheifm.live\/index.php\/wp-json\/wp\/v2\/media\/68630"}],"wp:attachment":[{"href":"https:\/\/orheifm.live\/index.php\/wp-json\/wp\/v2\/media?parent=68629"}],"wp:term":[{"taxonomy":"category","embeddable":true,"href":"https:\/\/orheifm.live\/index.php\/wp-json\/wp\/v2\/categories?post=68629"},{"taxonomy":"post_tag","embeddable":true,"href":"https:\/\/orheifm.live\/index.php\/wp-json\/wp\/v2\/tags?post=68629"}],"curies":[{"name":"wp","href":"https:\/\/api.w.org\/{rel}","templated":true}]}}