{"id":68627,"date":"2025-03-07T20:54:31","date_gmt":"2025-03-07T18:54:31","guid":{"rendered":"https:\/\/orheifm.live\/index.php\/2025\/03\/07\/la-chisinau-o-clinica-privata-functiona-ilegal-perchezitii-si-acuzatii-grave-video\/"},"modified":"2025-03-07T20:54:31","modified_gmt":"2025-03-07T18:54:31","slug":"la-chisinau-o-clinica-privata-functiona-ilegal-perchezitii-si-acuzatii-grave-video","status":"publish","type":"post","link":"https:\/\/orheifm.live\/index.php\/2025\/03\/07\/la-chisinau-o-clinica-privata-functiona-ilegal-perchezitii-si-acuzatii-grave-video\/","title":{"rendered":"La Chi\u0219in\u0103u, o clinic\u0103 privat\u0103 func\u021biona ilegal: Perchezi\u021bii \u0219i acuza\u021bii grave |VIDEO"},"content":{"rendered":"<div>\n<p><strong>Moartea femeii de afaceri Liubovi Babu\u021bcaia, \u00eentr-o frizerie a determinat autorit\u0103\u021bile s\u0103 ini\u021bieze o serie de inspec\u021bii at\u00e2t loca\u021bii de acest gen, c\u00e2t \u0219i \u00een centre medicale private. Verific\u0103rile au scos la iveal\u0103 o serie de \u00eenc\u0103lc\u0103ri. <\/strong><br \/>\n<iframe loading=\"lazy\" title=\"YouTube video player\" src=\"https:\/\/www.youtube.com\/embed\/KCpYfSMKC-0?si=DEoSCQo8_fDZh-jX\" width=\"560\" height=\"315\" frameborder=\"0\" allowfullscreen=\"allowfullscreen\"><\/iframe><br \/>\nAstfel, \u00een urma perchezi\u021biilor care au avut loc s\u0103pt\u0103m\u00e2na aceasta la una dintre clinicile din Capital\u0103 s-a constatat c\u0103 institu\u021bia ar fi activat f\u0103r\u0103 autoriza\u021bie de la Ministerul S\u0103n\u0103t\u0103\u021bii. Suspec\u021bii sunt fondatorul \u0219i administratorul clinicii, sus\u021bine Procuratura pentru Combaterea Crimei Organizate \u0219i Cauze Speciale.<\/p>\n<p>\u201eUrmare a dosarului penal pornit de procurorii PCCOCS \u00een 2024,\u00a0 joi au fost desf\u0103\u0219urate perchezi\u021bii la clinic\u0103 \u0219i domiciliul b\u0103nui\u021bilor. De acolo, oamenii legii au ridicat mai multe obiecte \u0219i informa\u021bii importante cauzei penale, precum \u0219i mijloace b\u0103ne\u0219ti\u201d, se arat\u0103 \u00een comunicatul procurorilor.<\/p>\n<p>Urmare a dosarului penal pornit de procurorii PCCOCS \u00een 2024, joi au fost desf\u0103\u0219urate perchezi\u021bii la clinic\u0103 \u0219i domiciliul b\u0103nui\u021bilor. De acolo, oamenii legii au ridicat mai multe obiecte \u0219i informa\u021bii importante cauzei penale, precum \u0219i mijloace b\u0103ne\u0219ti\u201d, se arat\u0103 \u00een comunicatul procurorilor.<\/p>\n<p>Potrivit anchetei, clinica, \u00eenfiin\u021bat\u0103 \u00een 2023, era specializat\u0103 \u00een efectuarea procedurilor de fertilizare in vitro f\u0103r\u0103 documentele de autorizare necesare din partea Ministerului S\u0103n\u0103t\u0103\u021bii. \u00cen plus, procurorii afirm\u0103 c\u0103 \u00een cadrul clinicii se realizau \u0219i alte tipuri de transplanturi f\u0103r\u0103 autoriza\u021bie.<\/p>\n<p>De asemenea, se \u0219tie c\u0103 institu\u021bia medical\u0103 \u00ee\u0219i desf\u0103\u0219ura activitatea \u00eentr-o cl\u0103dire care anterior a fost un restaurant, neamenajat\u0103 pentru servicii medicale. Acest aspect, \u00een opinia anchetatorilor, intensific\u0103 suspiciunile privind caracterul ilegal al acestei activit\u0103\u021bi.<\/p>\n<p>Men\u021bion\u0103m c\u0103 pe site-ul clinicii este specificat c\u0103 aceasta ofer\u0103 servicii de testare a fertilit\u0103\u021bii feminine \u0219i masculine, tratament pentru infertilitate, medicin\u0103 de recuperare, fertilizare in vitro \u0219i interven\u021bii minim invazive.<\/p>\n<p>Totodat\u0103, se precizeaz\u0103 c\u0103 unitatea medical\u0103 presteaz\u0103 servicii de planificare a familiei, contracep\u021bie, endocrinologie reproductiv\u0103, solu\u021bionarea problemelor ginecologice, medicin\u0103 materno-fetal\u0103, urologie \u0219i andrologie, precum \u0219i servicii de cosmetologie.<\/p>\n<p>Acesta nu este primul caz de activitate medical\u0103 ilegal\u0103 depistat de la \u00eenceputul anului. Pe 30 ianuarie, \u00eentr-un salon de \u00eenfrumuse\u021bare din capital\u0103, o femeie a decedat \u00een timpul unei proceduri cosmetice. Dup\u0103 ce acest caz a ajuns \u00een aten\u021bia mass-mediei \u0219i a provocat un val de reac\u021bii, la o s\u0103pt\u0103m\u00e2n\u0103 dup\u0103 tragedie, anesteziologa care a participat la interven\u021bie a fost arestat\u0103 pentru 30 de zile.<\/p>\n<p>Aceasta este acuzat\u0103 conform articolului 214 din Codul Penal \u2013 \u201eExercitarea ilegal\u0103 a activit\u0103\u021bii medicale sau farmaceutice\u201d, partea a doua \u2013<br \/>\n\u201eExercitarea profesiei de medic sau activit\u0103\u021bii farmaceutice de c\u0103tre o persoan\u0103 f\u0103r\u0103 licen\u021b\u0103 sau alt\u0103 autoriza\u021bie, soldat\u0103 cu decesul victimei din impruden\u021b\u0103\u201d. Ulterior, proprietara salonului, cet\u0103\u021bean\u0103 a Ucrainei, care a p\u0103r\u0103sit Republica Moldova imediat dup\u0103 tragedie, a fost dat\u0103 \u00een urm\u0103rire interna\u021bional\u0103.<\/p>\n<p>So\u021bul victimei acuz\u0103 mai multe persoane cunoscute din sistemele medical \u0219i juridic de \u00eencerc\u0103ri de a \u201emu\u0219amaliza\u201d acest caz. \u00centr-un interviu, acesta a declarat c\u0103 \u00een \u021bar\u0103 exist\u0103 o pia\u021b\u0103 ilegal\u0103 de anestezice \u0219i c\u0103 au fost efectuate interven\u021bii chirurgicale ilegale, inclusiv \u00eentr-un spital al Ministerului S\u0103n\u0103t\u0103\u021bii, men\u021bion\u00e2nd numele unor medici implica\u021bi \u00een astfel de activit\u0103\u021bi clandestine.<\/p>\n<p>Anterior, \u00een leg\u0103tur\u0103 cu tragedia din salonul de \u00eenfrumuse\u021bare, ministra S\u0103n\u0103t\u0103\u021bii, Ala Nemerenco, a declarat presei proguvernamentale c\u0103 Ministerul S\u0103n\u0103t\u0103\u021bii nu are nicio leg\u0103tur\u0103 cu activitatea unor astfel de institu\u021bii \u0219i c\u0103 ministerul pe care \u00eel conduce nu are competen\u021be pentru a le verifica.<\/p>\n<p>Echipa Canal 5 a \u00eencercat s\u0103 afle de la Ala Nemerenco dac\u0103 era la curent cu interven\u021biile chirurgicale clandestine, \u00eens\u0103, pentru a evita r\u0103spunsurile la \u00eentreb\u0103rile incomode, ministra S\u0103n\u0103t\u0103\u021bii a amenin\u021bat jurnalistul c\u0103 va chema poli\u021bia.<\/p>\n<\/div>\n","protected":false},"excerpt":{"rendered":"<div><img decoding=\"async\" width=\"696\" height=\"458\" src=\"https:\/\/canal5.md\/wp-content\/uploads\/2025\/03\/801864-optimized.webp\" class=\"attachment-large size-large wp-post-image\" alt=\"\" loading=\"lazy\" srcset=\"https:\/\/canal5.md\/wp-content\/uploads\/2025\/03\/801864-optimized.webp 760w, https:\/\/canal5.md\/wp-content\/uploads\/2025\/03\/801864-300x197-optimized.webp 300w, https:\/\/canal5.md\/wp-content\/uploads\/2025\/03\/801864-696x458-optimized.webp 696w\">Moartea femeii de afaceri Liubovi Babu\u021bcaia, \u00eentr-o frizerie a determinat autorit\u0103\u021bile s\u0103 ini\u021bieze o serie de inspec\u021bii at\u00e2t loca\u021bii de acest gen, c\u00e2t \u0219i \u00een centre medicale private. Verific\u0103rile au scos la iveal\u0103 o serie de \u00eenc\u0103lc\u0103ri. Astfel, \u00een urma perchezi\u021biilor care au avut loc s\u0103pt\u0103m\u00e2na aceasta la una dintre clinicile din Capital\u0103 s-a constatat [\u2026]<\/div>\n","protected":false},"author":1,"featured_media":68628,"comment_status":"closed","ping_status":"closed","sticky":false,"template":"","format":"standard","meta":{"jnews-multi-image_gallery":[],"jnews_single_post":[],"jnews_primary_category":[],"jnews_social_meta":[],"jnews_override_counter":[],"footnotes":""},"categories":[30],"tags":[],"class_list":["post-68627","post","type-post","status-publish","format-standard","has-post-thumbnail","hentry","category-social_ro"],"_links":{"self":[{"href":"https:\/\/orheifm.live\/index.php\/wp-json\/wp\/v2\/posts\/68627","targetHints":{"allow":["GET"]}}],"collection":[{"href":"https:\/\/orheifm.live\/index.php\/wp-json\/wp\/v2\/posts"}],"about":[{"href":"https:\/\/orheifm.live\/index.php\/wp-json\/wp\/v2\/types\/post"}],"author":[{"embeddable":true,"href":"https:\/\/orheifm.live\/index.php\/wp-json\/wp\/v2\/users\/1"}],"replies":[{"embeddable":true,"href":"https:\/\/orheifm.live\/index.php\/wp-json\/wp\/v2\/comments?post=68627"}],"version-history":[{"count":0,"href":"https:\/\/orheifm.live\/index.php\/wp-json\/wp\/v2\/posts\/68627\/revisions"}],"wp:featuredmedia":[{"embeddable":true,"href":"https:\/\/orheifm.live\/index.php\/wp-json\/wp\/v2\/media\/68628"}],"wp:attachment":[{"href":"https:\/\/orheifm.live\/index.php\/wp-json\/wp\/v2\/media?parent=68627"}],"wp:term":[{"taxonomy":"category","embeddable":true,"href":"https:\/\/orheifm.live\/index.php\/wp-json\/wp\/v2\/categories?post=68627"},{"taxonomy":"post_tag","embeddable":true,"href":"https:\/\/orheifm.live\/index.php\/wp-json\/wp\/v2\/tags?post=68627"}],"curies":[{"name":"wp","href":"https:\/\/api.w.org\/{rel}","templated":true}]}}