{"id":68625,"date":"2025-03-07T20:51:38","date_gmt":"2025-03-07T18:51:38","guid":{"rendered":"https:\/\/orheifm.live\/index.php\/2025\/03\/07\/judecatorii-au-luat-o-decizie-in-cazul-proprietarei-salonului-unde-a-murit-liubovi-babutchi-video\/"},"modified":"2025-03-07T20:51:38","modified_gmt":"2025-03-07T18:51:38","slug":"judecatorii-au-luat-o-decizie-in-cazul-proprietarei-salonului-unde-a-murit-liubovi-babutchi-video","status":"publish","type":"post","link":"https:\/\/orheifm.live\/index.php\/2025\/03\/07\/judecatorii-au-luat-o-decizie-in-cazul-proprietarei-salonului-unde-a-murit-liubovi-babutchi-video\/","title":{"rendered":"Judec\u0103torii au luat o decizie \u00een cazul proprietarei salonului unde a murit Liubovi Babu\u021bchi |VIDEO"},"content":{"rendered":"<div>\n<p><strong>Irina Borodkina, proprietara salonului de \u00eenfrumuse\u021bare \u00een care a decedat femeia de afaceri Liubovi Babu\u021bchi a primit 30 de zile de arest. Femeia este dat\u0103 \u00een c\u0103utare interna\u021bional\u0103 \u0219i va fi plasat\u0103 \u00een arest imediat ce va fi re\u021binut\u0103.<\/strong><br \/>\n<iframe loading=\"lazy\" title=\"YouTube video player\" src=\"https:\/\/www.youtube.com\/embed\/YSeNsEn-pT4?si=wfp7avFEStHKnRHo\" width=\"560\" height=\"315\" frameborder=\"0\" allowfullscreen=\"allowfullscreen\"><\/iframe><br \/>\nDecizia a fost luat\u0103 de Judec\u0103toria Chi\u0219in\u0103u, sediul Ciocana. \u00centre timp, magistra\u021bii au prelungit cu 15 zile \u0219i mandatul de arestare al anestezistei Ecaterina Maniuc, re\u021binut\u0103 pe 7 februarie.<\/p>\n<p>Amintim c\u0103, pe 26 februarie, ministrul de Interne, Daniela Misail-Nichitin, a declarat c\u0103, potrivit expertizei, Liubovi Babu\u021bchi a decedat \u00een urma inject\u0103rii mai multor substan\u021be, care au provocat o embolie, adic\u0103 blocarea vaselor sangvine.<\/p>\n<p>Femeia de afaceri a decedat la 30 ianuarie \u00eentr- un salon de \u00eenfrumuse\u021bare din capital\u0103, \u00een timpul unei proceduri cosmetologice.<\/p>\n<p>Abia dup\u0103 ce acest caz a fost mediatizat pe scar\u0103 larg\u0103, la o s\u0103pt\u0103m\u00e2n\u0103 dup\u0103 tragedie, anesteziologa Ecaterina Maniuc a fost arestat\u0103 pentru 30 de zile.<\/p>\n<\/div>\n","protected":false},"excerpt":{"rendered":"<div><img loading=\"lazy\" decoding=\"async\" width=\"696\" height=\"391\" src=\"https:\/\/canal5.md\/wp-content\/uploads\/2025\/03\/1-5-optimized.png\" class=\"attachment-large size-large wp-post-image\" alt=\"\" srcset=\"https:\/\/canal5.md\/wp-content\/uploads\/2025\/03\/1-5-optimized.png 900w, https:\/\/canal5.md\/wp-content\/uploads\/2025\/03\/1-5-300x168-optimized.png 300w, https:\/\/canal5.md\/wp-content\/uploads\/2025\/03\/1-5-768x431-optimized.png 768w, https:\/\/canal5.md\/wp-content\/uploads\/2025\/03\/1-5-696x391-optimized.png 696w\">Irina Borodkina, proprietara salonului de \u00eenfrumuse\u021bare \u00een care a decedat femeia de afaceri Liubovi Babu\u021bchi a primit 30 de zile de arest. Femeia este dat\u0103 \u00een c\u0103utare interna\u021bional\u0103 \u0219i va fi plasat\u0103 \u00een arest imediat ce va fi re\u021binut\u0103. Decizia a fost luat\u0103 de Judec\u0103toria Chi\u0219in\u0103u, sediul Ciocana. \u00centre timp, magistra\u021bii au prelungit cu 15 [\u2026]<\/div>\n","protected":false},"author":1,"featured_media":68626,"comment_status":"closed","ping_status":"closed","sticky":false,"template":"","format":"standard","meta":{"jnews-multi-image_gallery":[],"jnews_single_post":[],"jnews_primary_category":[],"jnews_social_meta":[],"jnews_override_counter":[],"footnotes":""},"categories":[30],"tags":[],"class_list":["post-68625","post","type-post","status-publish","format-standard","has-post-thumbnail","hentry","category-social_ro"],"_links":{"self":[{"href":"https:\/\/orheifm.live\/index.php\/wp-json\/wp\/v2\/posts\/68625","targetHints":{"allow":["GET"]}}],"collection":[{"href":"https:\/\/orheifm.live\/index.php\/wp-json\/wp\/v2\/posts"}],"about":[{"href":"https:\/\/orheifm.live\/index.php\/wp-json\/wp\/v2\/types\/post"}],"author":[{"embeddable":true,"href":"https:\/\/orheifm.live\/index.php\/wp-json\/wp\/v2\/users\/1"}],"replies":[{"embeddable":true,"href":"https:\/\/orheifm.live\/index.php\/wp-json\/wp\/v2\/comments?post=68625"}],"version-history":[{"count":0,"href":"https:\/\/orheifm.live\/index.php\/wp-json\/wp\/v2\/posts\/68625\/revisions"}],"wp:featuredmedia":[{"embeddable":true,"href":"https:\/\/orheifm.live\/index.php\/wp-json\/wp\/v2\/media\/68626"}],"wp:attachment":[{"href":"https:\/\/orheifm.live\/index.php\/wp-json\/wp\/v2\/media?parent=68625"}],"wp:term":[{"taxonomy":"category","embeddable":true,"href":"https:\/\/orheifm.live\/index.php\/wp-json\/wp\/v2\/categories?post=68625"},{"taxonomy":"post_tag","embeddable":true,"href":"https:\/\/orheifm.live\/index.php\/wp-json\/wp\/v2\/tags?post=68625"}],"curies":[{"name":"wp","href":"https:\/\/api.w.org\/{rel}","templated":true}]}}