{"id":68622,"date":"2025-03-07T20:30:53","date_gmt":"2025-03-07T18:30:53","guid":{"rendered":"https:\/\/orheifm.live\/index.php\/2025\/03\/07\/breaking-news-statelor-unite-expulzeaza-ambasadorul-moldovei-in-sua\/"},"modified":"2025-03-07T20:30:53","modified_gmt":"2025-03-07T18:30:53","slug":"breaking-news-statelor-unite-expulzeaza-ambasadorul-moldovei-in-sua","status":"publish","type":"post","link":"https:\/\/orheifm.live\/index.php\/2025\/03\/07\/breaking-news-statelor-unite-expulzeaza-ambasadorul-moldovei-in-sua\/","title":{"rendered":"BREAKING NEWS: Statelor Unite expulzeaz\u0103 ambasadorul Moldovei \u00een SUA"},"content":{"rendered":"<div>\n<p>Tudor Ulianovschi scrie ca Diploma\u021bia de la Chi\u0219in\u0103u love\u0219te din nou\u2026 \u0219i nu \u00een interesul Moldovei!<\/p>\n<p>Din cauza declara\u021biilor iresponsabile ale conducerii PAS la adresa lui Donald Trump \u0219i a Statelor Unite, Washingtonul a cerut rechemarea de urgen\u021b\u0103 a ambasadorului Viorel Ursu. Nu el este vinovat pentru aceast\u0103 situa\u021bie, ci cei care, prin abord\u0103ri miopice \u0219i declara\u021bii nes\u0103buite, au reu\u0219it s\u0103 tensioneze rela\u021biile cu unul dintre cei mai importan\u021bi parteneri ai Republicii Moldova \u2013 Guvernul american, noteaz\u0103 Ulianovsch<\/p>\n<p>Diploma\u021bia nu se face prin lozinci politice \u0219i atacuri gratuite! Este nevoie de profesionalism, echilibru \u0219i, mai ales, de o politic\u0103 extern\u0103 care s\u0103 pun\u0103 Moldova pe primul loc!<img loading=\"lazy\" decoding=\"async\" class=\"alignnone size-full wp-image-79535\" src=\"https:\/\/orheifm.live\/wp-content\/uploads\/2025\/03\/img_3421-optimized.jpeg\" alt=\"\" width=\"867\" height=\"782\" srcset=\"https:\/\/orheifm.live\/wp-content\/uploads\/2025\/03\/img_3421-optimized.jpeg 867w, https:\/\/canal5.md\/wp-content\/uploads\/2025\/03\/img_3421-300x271-optimized.jpeg 300w, https:\/\/canal5.md\/wp-content\/uploads\/2025\/03\/img_3421-768x693-optimized.jpeg 768w, https:\/\/canal5.md\/wp-content\/uploads\/2025\/03\/img_3421-696x628-optimized.jpeg 696w\" sizes=\"auto, (max-width: 867px) 100vw, 867px\"><\/p>\n<\/div>\n","protected":false},"excerpt":{"rendered":"<div><img loading=\"lazy\" decoding=\"async\" width=\"225\" height=\"225\" src=\"https:\/\/canal5.md\/wp-content\/uploads\/2025\/03\/img_3422-1-optimized.jpeg\" class=\"attachment-large size-large wp-post-image\" alt=\"\" srcset=\"https:\/\/canal5.md\/wp-content\/uploads\/2025\/03\/img_3422-1-optimized.jpeg 225w, https:\/\/canal5.md\/wp-content\/uploads\/2025\/03\/img_3422-1-150x150-optimized.jpeg 150w\">Tudor Ulianovschi scrie ca Diploma\u021bia de la Chi\u0219in\u0103u love\u0219te din nou\u2026 \u0219i nu \u00een interesul Moldovei! Din cauza declara\u021biilor iresponsabile ale conducerii PAS la adresa lui Donald Trump \u0219i a Statelor Unite, Washingtonul a cerut rechemarea de urgen\u021b\u0103 a ambasadorului Viorel Ursu. Nu el este vinovat pentru aceast\u0103 situa\u021bie, ci cei care, prin abord\u0103ri miopice [\u2026]<\/div>\n","protected":false},"author":1,"featured_media":68623,"comment_status":"closed","ping_status":"closed","sticky":false,"template":"","format":"standard","meta":{"jnews-multi-image_gallery":[],"jnews_single_post":[],"jnews_primary_category":[],"jnews_social_meta":[],"jnews_override_counter":[],"footnotes":""},"categories":[30],"tags":[],"class_list":["post-68622","post","type-post","status-publish","format-standard","has-post-thumbnail","hentry","category-social_ro"],"_links":{"self":[{"href":"https:\/\/orheifm.live\/index.php\/wp-json\/wp\/v2\/posts\/68622","targetHints":{"allow":["GET"]}}],"collection":[{"href":"https:\/\/orheifm.live\/index.php\/wp-json\/wp\/v2\/posts"}],"about":[{"href":"https:\/\/orheifm.live\/index.php\/wp-json\/wp\/v2\/types\/post"}],"author":[{"embeddable":true,"href":"https:\/\/orheifm.live\/index.php\/wp-json\/wp\/v2\/users\/1"}],"replies":[{"embeddable":true,"href":"https:\/\/orheifm.live\/index.php\/wp-json\/wp\/v2\/comments?post=68622"}],"version-history":[{"count":0,"href":"https:\/\/orheifm.live\/index.php\/wp-json\/wp\/v2\/posts\/68622\/revisions"}],"wp:featuredmedia":[{"embeddable":true,"href":"https:\/\/orheifm.live\/index.php\/wp-json\/wp\/v2\/media\/68623"}],"wp:attachment":[{"href":"https:\/\/orheifm.live\/index.php\/wp-json\/wp\/v2\/media?parent=68622"}],"wp:term":[{"taxonomy":"category","embeddable":true,"href":"https:\/\/orheifm.live\/index.php\/wp-json\/wp\/v2\/categories?post=68622"},{"taxonomy":"post_tag","embeddable":true,"href":"https:\/\/orheifm.live\/index.php\/wp-json\/wp\/v2\/tags?post=68622"}],"curies":[{"name":"wp","href":"https:\/\/api.w.org\/{rel}","templated":true}]}}