{"id":68617,"date":"2025-03-07T16:20:19","date_gmt":"2025-03-07T14:20:19","guid":{"rendered":"https:\/\/orheifm.live\/index.php\/2025\/03\/07\/carabinierii-moldoveni-isi-perfectioneaza-competentele-in-tactica-de-interventie\/"},"modified":"2025-03-07T16:20:19","modified_gmt":"2025-03-07T14:20:19","slug":"carabinierii-moldoveni-isi-perfectioneaza-competentele-in-tactica-de-interventie","status":"publish","type":"post","link":"https:\/\/orheifm.live\/index.php\/2025\/03\/07\/carabinierii-moldoveni-isi-perfectioneaza-competentele-in-tactica-de-interventie\/","title":{"rendered":"Carabinierii moldoveni \u00ee\u0219i perfec\u021bioneaz\u0103 competen\u021bele \u00een tactica de interven\u021bie"},"content":{"rendered":"<div>\n<p><strong>Angaja\u021bii Inspectoratului General de Carabinieri (IGC) joac\u0103 un rol esen\u021bial \u00een men\u021binerea ordinii \u0219i siguran\u021bei cet\u0103\u021benilor, fiind \u00een prima linie a interven\u021biilor \u00een cadrul evenimentelor publice. Recent, carabinierii moldoveni au participat la un curs de perfec\u021bionare \u00een \u201eTactica de interven\u021bie pentru restabilirea ordinii publice\u201d, desf\u0103\u0219urat la Centrul de Instruc\u021bie al IGC<\/strong>.<\/p>\n<p>Scopul acestui curs a fost consolidarea competen\u021belor profesionale ale subofi\u021berilor \u0219i ofi\u021berilor din diverse subdiviziuni ale IGC, preg\u0103tindu-i s\u0103 intervin\u0103 eficient \u0219i profesionist \u00een situa\u021bii de restabilire a ordinii publice. 15 angaja\u021bi ai IGC au participat activ, dob\u00e2ndind noi cuno\u0219tin\u021be \u0219i aptitudini practice, printr-o metodologie ce \u00eembin\u0103 teoria cu exerci\u021biile aplicate.<\/p>\n<p>Cursul a abordat teme esen\u021biale, cum ar fi:<\/p>\n<ul>\n<li>Ac\u021biuni specifice de interven\u021bie;<\/li>\n<li>Utilizarea mijloacelor speciale de interven\u021bie;<\/li>\n<li>Analiza comportamentului mul\u021bimilor \u00een situa\u021bii de dezordine;<\/li>\n<li>Structura \u0219i organizarea dispozitivelor tactice;<\/li>\n<li>Tehnici adaptate diverselor circumstan\u021be operative;<\/li>\n<li>Modalit\u0103\u021bi eficiente de dispersare a mul\u021bimilor.<\/li>\n<\/ul>\n<p>Aceste instruiri fac parte dintr-un program continuu al IGC pentru dezvoltarea profesional\u0103 a personalului, consolid\u00e2ndu-i capacitatea de a asigura siguran\u021ba public\u0103 \u0219i de a se adapta la noile provoc\u0103ri.<\/p>\n<\/div>\n","protected":false},"excerpt":{"rendered":"<div><img loading=\"lazy\" decoding=\"async\" width=\"696\" height=\"432\" src=\"https:\/\/canal5.md\/wp-content\/uploads\/2025\/03\/208a93a312fc3aa96cf48cdccfb506f2-1024x635-optimized.webp\" class=\"attachment-large size-large wp-post-image\" alt=\"\" srcset=\"https:\/\/canal5.md\/wp-content\/uploads\/2025\/03\/208a93a312fc3aa96cf48cdccfb506f2-1024x635-optimized.webp 1024w, https:\/\/canal5.md\/wp-content\/uploads\/2025\/03\/208a93a312fc3aa96cf48cdccfb506f2-300x186-optimized.webp 300w, https:\/\/canal5.md\/wp-content\/uploads\/2025\/03\/208a93a312fc3aa96cf48cdccfb506f2-768x476-optimized.webp 768w, https:\/\/canal5.md\/wp-content\/uploads\/2025\/03\/208a93a312fc3aa96cf48cdccfb506f2-696x432-optimized.webp 696w, https:\/\/canal5.md\/wp-content\/uploads\/2025\/03\/208a93a312fc3aa96cf48cdccfb506f2-1068x662-optimized.webp 1068w, https:\/\/canal5.md\/wp-content\/uploads\/2025\/03\/208a93a312fc3aa96cf48cdccfb506f2-optimized.webp 1280w\">Angaja\u021bii Inspectoratului General de Carabinieri (IGC) joac\u0103 un rol esen\u021bial \u00een men\u021binerea ordinii \u0219i siguran\u021bei cet\u0103\u021benilor, fiind \u00een prima linie a interven\u021biilor \u00een cadrul evenimentelor publice. Recent, carabinierii moldoveni au participat la un curs de perfec\u021bionare \u00een \u201eTactica de interven\u021bie pentru restabilirea ordinii publice\u201d, desf\u0103\u0219urat la Centrul de Instruc\u021bie al IGC. Scopul acestui curs a [\u2026]<\/div>\n","protected":false},"author":1,"featured_media":68618,"comment_status":"closed","ping_status":"closed","sticky":false,"template":"","format":"standard","meta":{"jnews-multi-image_gallery":[],"jnews_single_post":[],"jnews_primary_category":[],"jnews_social_meta":[],"jnews_override_counter":[],"footnotes":""},"categories":[30],"tags":[],"class_list":["post-68617","post","type-post","status-publish","format-standard","has-post-thumbnail","hentry","category-social_ro"],"_links":{"self":[{"href":"https:\/\/orheifm.live\/index.php\/wp-json\/wp\/v2\/posts\/68617","targetHints":{"allow":["GET"]}}],"collection":[{"href":"https:\/\/orheifm.live\/index.php\/wp-json\/wp\/v2\/posts"}],"about":[{"href":"https:\/\/orheifm.live\/index.php\/wp-json\/wp\/v2\/types\/post"}],"author":[{"embeddable":true,"href":"https:\/\/orheifm.live\/index.php\/wp-json\/wp\/v2\/users\/1"}],"replies":[{"embeddable":true,"href":"https:\/\/orheifm.live\/index.php\/wp-json\/wp\/v2\/comments?post=68617"}],"version-history":[{"count":0,"href":"https:\/\/orheifm.live\/index.php\/wp-json\/wp\/v2\/posts\/68617\/revisions"}],"wp:featuredmedia":[{"embeddable":true,"href":"https:\/\/orheifm.live\/index.php\/wp-json\/wp\/v2\/media\/68618"}],"wp:attachment":[{"href":"https:\/\/orheifm.live\/index.php\/wp-json\/wp\/v2\/media?parent=68617"}],"wp:term":[{"taxonomy":"category","embeddable":true,"href":"https:\/\/orheifm.live\/index.php\/wp-json\/wp\/v2\/categories?post=68617"},{"taxonomy":"post_tag","embeddable":true,"href":"https:\/\/orheifm.live\/index.php\/wp-json\/wp\/v2\/tags?post=68617"}],"curies":[{"name":"wp","href":"https:\/\/api.w.org\/{rel}","templated":true}]}}