{"id":68615,"date":"2025-03-07T16:00:16","date_gmt":"2025-03-07T14:00:16","guid":{"rendered":"https:\/\/orheifm.live\/index.php\/2025\/03\/07\/barbatul-de-29-de-ani-din-chisinau-disparut-de-la-sfarsitul-lunii-februarie-a-fost-localizat\/"},"modified":"2025-03-07T16:00:16","modified_gmt":"2025-03-07T14:00:16","slug":"barbatul-de-29-de-ani-din-chisinau-disparut-de-la-sfarsitul-lunii-februarie-a-fost-localizat","status":"publish","type":"post","link":"https:\/\/orheifm.live\/index.php\/2025\/03\/07\/barbatul-de-29-de-ani-din-chisinau-disparut-de-la-sfarsitul-lunii-februarie-a-fost-localizat\/","title":{"rendered":"B\u0103rbatul de 29 de ani din Chi\u0219in\u0103u, disp\u0103rut de la sf\u00e2r\u0219itul lunii februarie, a fost localizat"},"content":{"rendered":"<div>\n<p><strong>Oamenii legii anun\u021b\u0103 c\u0103 t\u00e2n\u0103rul de 29 de ani din Chi\u0219in\u0103u, disp\u0103rut pe 26 februarie, a fost g\u0103sit.<\/strong><\/p>\n<p>B\u0103rbatul a fost localizat \u00een capital\u0103 \u0219i se afl\u0103 \u00een afacerea oric\u0103rui pericol.<\/p>\n<p>\u201eMul\u021bumim tuturor pentru implicare!\u201d, se men\u021bioneaz\u0103 \u00eentr-un comunicat al IGP.<\/p>\n<p>Acum trei zile, Poli\u021bia Capitalei solicita ajutorul cet\u0103\u021benilor pentru a stabili loca\u021bia b\u0103rbatului disp\u0103rut, care plecase de la domiciliu pe 26 februarie.<\/p>\n<\/div>\n","protected":false},"excerpt":{"rendered":"<div><img loading=\"lazy\" decoding=\"async\" width=\"696\" height=\"392\" src=\"https:\/\/canal5.md\/wp-content\/uploads\/2025\/03\/1fec97f7-decc-499a-aa24-ad8f5b585df8-1-optimized.jpg\" class=\"attachment-large size-large wp-post-image\" alt=\"\" srcset=\"https:\/\/canal5.md\/wp-content\/uploads\/2025\/03\/1fec97f7-decc-499a-aa24-ad8f5b585df8-1-optimized.jpg 800w, https:\/\/canal5.md\/wp-content\/uploads\/2025\/03\/1fec97f7-decc-499a-aa24-ad8f5b585df8-1-300x169-optimized.jpg 300w, https:\/\/canal5.md\/wp-content\/uploads\/2025\/03\/1fec97f7-decc-499a-aa24-ad8f5b585df8-1-768x432-optimized.jpg 768w, https:\/\/canal5.md\/wp-content\/uploads\/2025\/03\/1fec97f7-decc-499a-aa24-ad8f5b585df8-1-696x392-optimized.jpg 696w\">Oamenii legii anun\u021b\u0103 c\u0103 t\u00e2n\u0103rul de 29 de ani din Chi\u0219in\u0103u, disp\u0103rut pe 26 februarie, a fost g\u0103sit. B\u0103rbatul a fost localizat \u00een capital\u0103 \u0219i se afl\u0103 \u00een afacerea oric\u0103rui pericol. \u201eMul\u021bumim tuturor pentru implicare!\u201d, se men\u021bioneaz\u0103 \u00eentr-un comunicat al IGP. Acum trei zile, Poli\u021bia Capitalei solicita ajutorul cet\u0103\u021benilor pentru a stabili loca\u021bia b\u0103rbatului disp\u0103rut, [\u2026]<\/div>\n","protected":false},"author":1,"featured_media":68616,"comment_status":"closed","ping_status":"closed","sticky":false,"template":"","format":"standard","meta":{"jnews-multi-image_gallery":[],"jnews_single_post":[],"jnews_primary_category":[],"jnews_social_meta":[],"jnews_override_counter":[],"footnotes":""},"categories":[30],"tags":[],"class_list":["post-68615","post","type-post","status-publish","format-standard","has-post-thumbnail","hentry","category-social_ro"],"_links":{"self":[{"href":"https:\/\/orheifm.live\/index.php\/wp-json\/wp\/v2\/posts\/68615","targetHints":{"allow":["GET"]}}],"collection":[{"href":"https:\/\/orheifm.live\/index.php\/wp-json\/wp\/v2\/posts"}],"about":[{"href":"https:\/\/orheifm.live\/index.php\/wp-json\/wp\/v2\/types\/post"}],"author":[{"embeddable":true,"href":"https:\/\/orheifm.live\/index.php\/wp-json\/wp\/v2\/users\/1"}],"replies":[{"embeddable":true,"href":"https:\/\/orheifm.live\/index.php\/wp-json\/wp\/v2\/comments?post=68615"}],"version-history":[{"count":0,"href":"https:\/\/orheifm.live\/index.php\/wp-json\/wp\/v2\/posts\/68615\/revisions"}],"wp:featuredmedia":[{"embeddable":true,"href":"https:\/\/orheifm.live\/index.php\/wp-json\/wp\/v2\/media\/68616"}],"wp:attachment":[{"href":"https:\/\/orheifm.live\/index.php\/wp-json\/wp\/v2\/media?parent=68615"}],"wp:term":[{"taxonomy":"category","embeddable":true,"href":"https:\/\/orheifm.live\/index.php\/wp-json\/wp\/v2\/categories?post=68615"},{"taxonomy":"post_tag","embeddable":true,"href":"https:\/\/orheifm.live\/index.php\/wp-json\/wp\/v2\/tags?post=68615"}],"curies":[{"name":"wp","href":"https:\/\/api.w.org\/{rel}","templated":true}]}}