{"id":68613,"date":"2025-03-07T15:40:25","date_gmt":"2025-03-07T13:40:25","guid":{"rendered":"https:\/\/orheifm.live\/index.php\/2025\/03\/07\/barbat-retinut-in-calarasi-pentru-consum-de-droguri-la-volan\/"},"modified":"2025-03-07T15:40:25","modified_gmt":"2025-03-07T13:40:25","slug":"barbat-retinut-in-calarasi-pentru-consum-de-droguri-la-volan","status":"publish","type":"post","link":"https:\/\/orheifm.live\/index.php\/2025\/03\/07\/barbat-retinut-in-calarasi-pentru-consum-de-droguri-la-volan\/","title":{"rendered":"B\u0103rbat re\u021binut \u00een C\u0103l\u0103ra\u0219i pentru consum de droguri la volan"},"content":{"rendered":"<div>\n<p><strong>Agen\u021bii de patrulare au oprit un Renault \u00een ora\u0219ul C\u0103l\u0103ra\u0219i, al c\u0103rui \u0219ofer circula haotic.<\/strong><\/p>\n<p>Dup\u0103 verific\u0103ri, poli\u021bi\u0219tii au suspectat b\u0103rbatul de 37 de ani c\u0103 ar fi consumat substan\u021be stupefiante. Testul a confirmat prezen\u021ba marijuanei \u00een organismul acestuia. Un dosar penal a fost deschis, iar cazul a fost trimis \u00een instan\u021b\u0103 pentru a se lua o decizie.<\/p>\n<\/div>\n","protected":false},"excerpt":{"rendered":"<div><img loading=\"lazy\" decoding=\"async\" width=\"696\" height=\"392\" src=\"https:\/\/canal5.md\/wp-content\/uploads\/2025\/03\/e48bd202a9a20384e714cc0e3b19e7251b110a7eb71b04e276c4dd6bade0b48c-1024x576-optimized.jpg\" class=\"attachment-large size-large wp-post-image\" alt=\"\" srcset=\"https:\/\/canal5.md\/wp-content\/uploads\/2025\/03\/e48bd202a9a20384e714cc0e3b19e7251b110a7eb71b04e276c4dd6bade0b48c-1024x576-optimized.jpg 1024w, https:\/\/canal5.md\/wp-content\/uploads\/2025\/03\/e48bd202a9a20384e714cc0e3b19e7251b110a7eb71b04e276c4dd6bade0b48c-300x169-optimized.jpg 300w, https:\/\/canal5.md\/wp-content\/uploads\/2025\/03\/e48bd202a9a20384e714cc0e3b19e7251b110a7eb71b04e276c4dd6bade0b48c-768x432-optimized.jpg 768w, https:\/\/canal5.md\/wp-content\/uploads\/2025\/03\/e48bd202a9a20384e714cc0e3b19e7251b110a7eb71b04e276c4dd6bade0b48c-696x392-optimized.jpg 696w, https:\/\/canal5.md\/wp-content\/uploads\/2025\/03\/e48bd202a9a20384e714cc0e3b19e7251b110a7eb71b04e276c4dd6bade0b48c-1068x601-optimized.jpg 1068w, https:\/\/canal5.md\/wp-content\/uploads\/2025\/03\/e48bd202a9a20384e714cc0e3b19e7251b110a7eb71b04e276c4dd6bade0b48c-optimized.jpg 1200w\">Agen\u021bii de patrulare au oprit un Renault \u00een ora\u0219ul C\u0103l\u0103ra\u0219i, al c\u0103rui \u0219ofer circula haotic. Dup\u0103 verific\u0103ri, poli\u021bi\u0219tii au suspectat b\u0103rbatul de 37 de ani c\u0103 ar fi consumat substan\u021be stupefiante. Testul a confirmat prezen\u021ba marijuanei \u00een organismul acestuia. Un dosar penal a fost deschis, iar cazul a fost trimis \u00een instan\u021b\u0103 pentru a se [\u2026]<\/div>\n","protected":false},"author":1,"featured_media":68614,"comment_status":"closed","ping_status":"closed","sticky":false,"template":"","format":"standard","meta":{"jnews-multi-image_gallery":[],"jnews_single_post":[],"jnews_primary_category":[],"jnews_social_meta":[],"jnews_override_counter":[],"footnotes":""},"categories":[30],"tags":[],"class_list":["post-68613","post","type-post","status-publish","format-standard","has-post-thumbnail","hentry","category-social_ro"],"_links":{"self":[{"href":"https:\/\/orheifm.live\/index.php\/wp-json\/wp\/v2\/posts\/68613","targetHints":{"allow":["GET"]}}],"collection":[{"href":"https:\/\/orheifm.live\/index.php\/wp-json\/wp\/v2\/posts"}],"about":[{"href":"https:\/\/orheifm.live\/index.php\/wp-json\/wp\/v2\/types\/post"}],"author":[{"embeddable":true,"href":"https:\/\/orheifm.live\/index.php\/wp-json\/wp\/v2\/users\/1"}],"replies":[{"embeddable":true,"href":"https:\/\/orheifm.live\/index.php\/wp-json\/wp\/v2\/comments?post=68613"}],"version-history":[{"count":0,"href":"https:\/\/orheifm.live\/index.php\/wp-json\/wp\/v2\/posts\/68613\/revisions"}],"wp:featuredmedia":[{"embeddable":true,"href":"https:\/\/orheifm.live\/index.php\/wp-json\/wp\/v2\/media\/68614"}],"wp:attachment":[{"href":"https:\/\/orheifm.live\/index.php\/wp-json\/wp\/v2\/media?parent=68613"}],"wp:term":[{"taxonomy":"category","embeddable":true,"href":"https:\/\/orheifm.live\/index.php\/wp-json\/wp\/v2\/categories?post=68613"},{"taxonomy":"post_tag","embeddable":true,"href":"https:\/\/orheifm.live\/index.php\/wp-json\/wp\/v2\/tags?post=68613"}],"curies":[{"name":"wp","href":"https:\/\/api.w.org\/{rel}","templated":true}]}}