{"id":68609,"date":"2025-03-07T14:28:14","date_gmt":"2025-03-07T12:28:14","guid":{"rendered":"https:\/\/orheifm.live\/index.php\/2025\/03\/07\/deputatul-pas-viorel-barda-a-obtinut-venituri-de-220-000-lei-in-2024-si-compensatii-de-284-000-lei\/"},"modified":"2025-03-07T14:28:14","modified_gmt":"2025-03-07T12:28:14","slug":"deputatul-pas-viorel-barda-a-obtinut-venituri-de-220-000-lei-in-2024-si-compensatii-de-284-000-lei","status":"publish","type":"post","link":"https:\/\/orheifm.live\/index.php\/2025\/03\/07\/deputatul-pas-viorel-barda-a-obtinut-venituri-de-220-000-lei-in-2024-si-compensatii-de-284-000-lei\/","title":{"rendered":"Deputatul PAS Viorel Barda a ob\u021binut venituri de 220.000 lei \u00een 2024 \u0219i compensa\u021bii de 284.000 lei"},"content":{"rendered":"<div>\n<p><strong>Deputatul PAS Viorel Barda, membru al Comisiei parlamentare pentru agricultur\u0103 \u0219i industrie alimentar\u0103, \u0219i-a prezentat declara\u021bia de avere. <\/strong><br \/>\n<iframe loading=\"lazy\" title=\"YouTube video player\" src=\"https:\/\/www.youtube.com\/embed\/9oTn5iZktbk?si=eJAmHS-qkj7TOMVw\" width=\"560\" height=\"315\" frameborder=\"0\" allowfullscreen=\"allowfullscreen\"><\/iframe><\/p>\n<p>Conform documentului, \u00een 2024, Barda a ob\u021binut un venit de peste 220 de mii de lei, \u00eens\u0103 compensa\u021biile, indemniza\u021biile \u0219i diurnele pentru deplas\u0103rile de serviciu primite de la Parlament au dep\u0103\u0219it suma de 284 de mii de lei.<\/p>\n<p>De asemenea, veniturile so\u021biei sale au dep\u0103\u0219it 190 de mii de lei, din care aproximativ 11 mii de lei au fost salariu, restul provenind din indemniza\u021bii, concediu medical \u0219i pensie. Familia Barda de\u021bine dou\u0103 terenuri \u00een valoare de aproape un milion de lei \u0219i o cas\u0103 de 2,9 milioane de lei, ambele primite ca dar \u00een 2023. De asemenea, so\u021bii Barda au un apartament achizi\u021bionat anterior \u0219i o ma\u0219in\u0103 cump\u0103rat\u0103 \u00een 2021.<\/p>\n<\/div>\n","protected":false},"excerpt":{"rendered":"<div><img loading=\"lazy\" decoding=\"async\" width=\"300\" height=\"168\" src=\"https:\/\/canal5.md\/wp-content\/uploads\/2025\/03\/images-1-optimized.jpg\" class=\"attachment-large size-large wp-post-image\" alt=\"\">Deputatul PAS Viorel Barda, membru al Comisiei parlamentare pentru agricultur\u0103 \u0219i industrie alimentar\u0103, \u0219i-a prezentat declara\u021bia de avere. Conform documentului, \u00een 2024, Barda a ob\u021binut un venit de peste 220 de mii de lei, \u00eens\u0103 compensa\u021biile, indemniza\u021biile \u0219i diurnele pentru deplas\u0103rile de serviciu primite de la Parlament au dep\u0103\u0219it suma de 284 de mii de [\u2026]<\/div>\n","protected":false},"author":1,"featured_media":68610,"comment_status":"closed","ping_status":"closed","sticky":false,"template":"","format":"standard","meta":{"jnews-multi-image_gallery":[],"jnews_single_post":[],"jnews_primary_category":[],"jnews_social_meta":[],"jnews_override_counter":[],"footnotes":""},"categories":[23],"tags":[],"class_list":["post-68609","post","type-post","status-publish","format-standard","has-post-thumbnail","hentry","category-politica_ro"],"_links":{"self":[{"href":"https:\/\/orheifm.live\/index.php\/wp-json\/wp\/v2\/posts\/68609","targetHints":{"allow":["GET"]}}],"collection":[{"href":"https:\/\/orheifm.live\/index.php\/wp-json\/wp\/v2\/posts"}],"about":[{"href":"https:\/\/orheifm.live\/index.php\/wp-json\/wp\/v2\/types\/post"}],"author":[{"embeddable":true,"href":"https:\/\/orheifm.live\/index.php\/wp-json\/wp\/v2\/users\/1"}],"replies":[{"embeddable":true,"href":"https:\/\/orheifm.live\/index.php\/wp-json\/wp\/v2\/comments?post=68609"}],"version-history":[{"count":0,"href":"https:\/\/orheifm.live\/index.php\/wp-json\/wp\/v2\/posts\/68609\/revisions"}],"wp:featuredmedia":[{"embeddable":true,"href":"https:\/\/orheifm.live\/index.php\/wp-json\/wp\/v2\/media\/68610"}],"wp:attachment":[{"href":"https:\/\/orheifm.live\/index.php\/wp-json\/wp\/v2\/media?parent=68609"}],"wp:term":[{"taxonomy":"category","embeddable":true,"href":"https:\/\/orheifm.live\/index.php\/wp-json\/wp\/v2\/categories?post=68609"},{"taxonomy":"post_tag","embeddable":true,"href":"https:\/\/orheifm.live\/index.php\/wp-json\/wp\/v2\/tags?post=68609"}],"curies":[{"name":"wp","href":"https:\/\/api.w.org\/{rel}","templated":true}]}}