{"id":68607,"date":"2025-03-07T14:26:10","date_gmt":"2025-03-07T12:26:10","guid":{"rendered":"https:\/\/orheifm.live\/index.php\/2025\/03\/07\/fiecare-sta-la-coada-pentru-mancare-gratuita-batranii-din-chisinau-traiesc-din-mila-voluntarilor-pensiile-mici-nu-le-ajung-pentru-traiul-de-zi-cu-zi\/"},"modified":"2025-03-07T14:26:10","modified_gmt":"2025-03-07T12:26:10","slug":"fiecare-sta-la-coada-pentru-mancare-gratuita-batranii-din-chisinau-traiesc-din-mila-voluntarilor-pensiile-mici-nu-le-ajung-pentru-traiul-de-zi-cu-zi","status":"publish","type":"post","link":"https:\/\/orheifm.live\/index.php\/2025\/03\/07\/fiecare-sta-la-coada-pentru-mancare-gratuita-batranii-din-chisinau-traiesc-din-mila-voluntarilor-pensiile-mici-nu-le-ajung-pentru-traiul-de-zi-cu-zi\/","title":{"rendered":"Fiecare st\u0103 la coad\u0103 pentru m\u00e2ncare gratuit\u0103. B\u0103tr\u00e2nii din Chi\u0219in\u0103u tr\u0103iesc din mila voluntarilor: pensiile mici nu le ajung pentru traiul de zi cu zi."},"content":{"rendered":"<div>\n<p><strong>Au muncit o via\u021b\u0103, dar acum tr\u0103iesc din mila voluntarilor. Vorbim de zeci de b\u0103tr\u00e2ni din capital\u0103, care stau \u00een r\u00e2nd zilnic dup\u0103 un pr\u00e2nz cald \u0219i o bucat\u0103 de p\u00e2ine.Pensia mic\u0103 \u0219i \u00eei fac neputincio\u0219i \u00een fa\u021ba cheltuielilor de zi cu zi, spun ei.Cu lacrimi \u00een ochi, oamenii \u00een etate se pl\u00e2ng de s\u0103r\u0103cie \u0219i spun c\u0103 hrana pe care o primesc \u00eei ajut\u0103 s\u0103 supravie\u021buiasc\u0103.\u00a0<\/strong><br \/>\n<iframe loading=\"lazy\" title=\"YouTube video player\" src=\"https:\/\/www.youtube.com\/embed\/9oTn5iZktbk?si=SDi03GufMXFFCPW6\" width=\"560\" height=\"315\" frameborder=\"0\" allowfullscreen=\"allowfullscreen\"><\/iframe><\/p>\n<p>Pensii mizere, pre\u0163uri mari, medicamente scumpe \u015fi indiferen\u0163a autorit\u0103\u0163ilor, sunt doar c\u00e2teva din durerile pensionarilor, care vin \u00een scuarul \u201eMezon\u201d din sectorul R\u00e2\u0219cani, pentru a primi ceva de m\u00e2ncare. Voluntarii asocia\u021biei \u201eDiaconia\u201d sunt cei care le ofer\u0103 un pr\u00e2nz cald. B\u0103tr\u00e2nii spun c\u0103 pl\u0103\u021bile pentru utilit\u0103\u021bi le m\u0103n\u00e2nc\u0103 to\u021bi banii.<\/p>\n<p>Ne dau c\u00e2te o buc\u0103\u021bic\u0103 de p\u00e2ine \u0219i \u00eemi pare bine, pensia e mic\u0103, eu am 3.000 \u0219i mai mult nimic.<\/p>\n<p>\u2013 Pentru ce v\u0103 ajunge pensia dumneavoastr\u0103 ?<\/p>\n<p>\u2013 Pl\u0103tesc serviciile comunale \u0219i nu-mi r\u0103m\u00e2ne nimic.<\/p>\n<p>Am venit pentru m\u00e2ncare, sigur, suntem cu o pensie mic\u0103.<\/p>\n<p>\u2013 Care este pensia dumneavoastr\u0103 ?<\/p>\n<p>\u2013 3.200.<\/p>\n<p>\u2013 Pentru ce v\u0103 ajunge pensia dumneavoastr\u0103 ?<\/p>\n<p>-\u021aine s\u0103 achit\u0103m serviciile comunale \u0219i c\u00e2te o bucat\u0103 de p\u00e2ine, at\u00e2t. C\u0103rni\u021b\u0103 mai pu\u021bin, nu ne prea permitem \u0219i din ceea ce avem, c\u0103ut\u0103m s\u0103 facem fa\u021b\u0103 lucrurilor.<\/p>\n<p>Ar fi bine o restructurare \u00een ministerul realizat\u0103 de ministerul Economie \u0219i de Guvern. Avem nevoie mai multe locuri de munc\u0103, salarii mai bune, ca s\u0103 putem tr\u0103i, s\u0103 nu venim dup\u0103 o bucat\u0103 de p\u00e2ine. D\u0103 doamne s\u0103n\u0103tate Diaconiei, pentru c\u0103 ei ne ofer\u0103 o bucat\u0103 de p\u00e2ine<\/p>\n<p>\u2013 Care este pensia dumneavoastr\u0103 ?<\/p>\n<p>\u2013 Foarte mic\u0103. 2.000 mii si ceva. Pentru ce v\u0103 ajunge aceast\u0103 pensie ?<\/p>\n<p>\u2013 C\u0103ldura o pl\u0103tesc, lumina \u0219i gazul. Mai dau o parte de compensa\u021bii \u0219i mai mult nimic. M\u00e2ncare nimic, m\u00e2ncare nu ajunge? Ce s\u0103 cumperi cu 200 de lei sau 300? Nu cumperi nimic.<\/p>\n<p>Fiecare dintre ei este recunosc\u0103tor pentru ceea ce prime\u0219te..<\/p>\n<p>Dup\u0103 m\u00e2ncare a\u021bi venit?<\/p>\n<p>\u2013 Da. \u2013 Hr\u0103nesc gustos?<\/p>\n<p>\u2013 Da, foarte gustos.<\/p>\n<p>\u2013 De ce sunte\u021bi nevoit\u0103 s\u0103 veni\u021bi aici? Pensia este mic\u0103?<\/p>\n<p>\u2013 Da.<\/p>\n<p>Printre cei \u00eenfometa\u021bi am \u00eent\u00e2lnit-o \u0219i pe Ala Petrovna, \u00een v\u00e2rst\u0103 de 77 de ani. B\u0103tr\u00e2na spune c\u0103 este nevoit\u0103 s\u0103 vin\u0103 la ma\u0219ina voluntarilor pentru a m\u00e2nca ceva.<\/p>\n<p>Pentru c\u0103ldur\u0103 trebuie s\u0103 pl\u0103tesc \u0219i pentru alte utilit\u0103\u021bi.<\/p>\n<p>\u2013 Ce pensie ave\u021bi?<\/p>\n<p>\u2013 3000<\/p>\n<p>\u2013 Pentru ce v\u0103 ajunge?<\/p>\n<p>\u2013 Pentru ce ar putea s\u0103-mi ajung\u0103, dac\u0103 doar pentru \u00eenc\u0103lzire achit aproape 2000 de lei? Pentru m\u00e2ncare nu r\u0103m\u00e2ne practic nimic.<\/p>\n<p>Le este greu pensionarilor s\u0103 tr\u0103iasc\u0103 din pensie?<\/p>\n<p>\u2013 Este foarte greu.<\/p>\n<p>A\u0219tept\u00e2nd-u\u0219i r\u00e2ndul pentru a-\u0219i lua pr\u00e2nzul, b\u0103tr\u00e2na \u0219i-a amintit \u0219i de \u201dvremurile bune\u201d, promise de guvernarea PAS \u0219i Maia Sandu.<\/p>\n<h1><span style=\"color: #222222; font-family: Verdana, BlinkMacSystemFont, -apple-system, 'Segoe UI', Roboto, Oxygen, Ubuntu, Cantarell, 'Open Sans', 'Helvetica Neue', sans-serif; font-size: 15px;\">\u00a0Eu am ascultat discursul ei.<\/span><\/h1>\n<h1><span style=\"color: #222222; font-family: Verdana, BlinkMacSystemFont, -apple-system, 'Segoe UI', Roboto, Oxygen, Ubuntu, Cantarell, 'Open Sans', 'Helvetica Neue', sans-serif; font-size: 15px;\"> \u2013 Al cui? <\/span><\/h1>\n<h1><span style=\"color: #222222; font-family: Verdana, BlinkMacSystemFont, -apple-system, 'Segoe UI', Roboto, Oxygen, Ubuntu, Cantarell, 'Open Sans', 'Helvetica Neue', sans-serif; font-size: 15px;\">\u2013 Maia Sandu spunea c\u0103 atunci c\u00e2nd va fi pre\u0219edinte, oamenii nu vor \u00eendura nevoi. Zicea c\u0103 este femeie \u0219i \u00een\u021belege c\u00e2t le este de greu femeilor s\u0103 se hr\u0103neasc\u0103. \u0218i iat\u0103, nimic bun nu s-a \u00eent\u00e2mplat, nimic bun.\u00a0 Acum se spune c\u0103 pensia va fi majorat\u0103 cu 10 la sut\u0103. \u2013 Ce \u00eenseamn\u0103 10% pentru dvs.? tine? Pentru noi asta este mizer. Uite, o sticla de ulei de floarea soarelui 40 lei acum costa. 40 lei, e imposibi.<\/span><\/h1>\n<p>Men\u021bion\u0103m c\u0103, \u00eencep\u00e2nd cu 1 aprilie, toate pensiile din Republica Moldova vor fi indexate cu 10%. Exper\u021bii economici spun \u00eens\u0103 c\u0103 pensiile ar trebui majorate cu cel pu\u021bin 40% \u0219i asta deoarece, nivelul s\u0103r\u0103ciei a dep\u0103\u0219it 35% \u00een Moldova. Conform datelor Biroului Na\u021bional de Statistic\u0103, veniturile disponibile ale popula\u021biei sunt, \u00een medie, de 4.915 lei pe lun\u0103, iar veniturile popula\u021biei \u00een termeni reali, \u021bin\u00e2nd cont de cre\u0219terea pre\u021burilor de consum, au crescut cu doar 1,9%. Majoritatea pensionarilor nu au nici m\u0103car acest minim. Exper\u021bii sus\u021bin c\u0103 minimul real de trai ar trebui s\u0103 fie stabilit la 10.000 de lei sau cel pu\u021bin 5.000 de lei. \u00cens\u0103, \u00een actuala guvernare, aceast\u0103 sum\u0103 r\u0103m\u00e2ne doar un vis. Recent, deputata Regina Apostolova din grupul parlamentar \u201eVictorie\u201d a propus majorarea pensiei minime la 5.000 de lei, dar ini\u021biativa a fost ignorat\u0103 de deputa\u021bii PAS. \u00cen schimb, autorit\u0103\u021bile tr\u0103iesc \u00een lux. F\u0103r\u0103 a include primele \u0219i alte beneficii, mini\u0219trii primesc mai mult de<\/p>\n<p>50.000 de lei lunar, secretarii generali 40.000 de lei, iar \u0219efii departamentelor 30.000 de lei.<\/p>\n<p>Men\u021bion\u0103m \u00een 2022, dup\u0103 criza energetic\u0103, infla\u021bia a ajuns la 34%, iar guvernul a majorat pensiile cu doar 14%, ignor\u00e2nd rata infla\u021biei. Acum, cu cre\u0219teri mari la tarife \u0219i scumpiri ale produselor de baz\u0103, guvernul PAS anun\u021b\u0103 o cre\u0219tere de 523 de lei la pensia minim\u0103, \u00een contextul unei infla\u021bii cumulative pe parcursul a patru ani este de peste 60%.<\/p>\n<p>Amintim c\u0103, Maia Sandu nu \u0219i-a \u00eendeplinit promisiunile nici \u00een primul mandat, atunci c\u00e2nd le spunea v\u00e2rstnicilor c\u0103 pensia va ajunge p\u00e2n\u0103 la 2000 de lei, iar acum a promis din nou majorarea acestei indemniza\u021bii, \u00eens\u0103 doar pentru cei \u201dcare au lucrat 40 de ani sau mai mult.\u201d<\/p>\n<p>Toate promisiunile sunt f\u0103cute \u00een condi\u021biile \u00een care autorit\u0103\u021bile nu au returnat \u00eenc\u0103 pensionarilor ceea ce, de fapt, le-au furat \u00eenc\u0103 din 2023. Atunci, pentru prima dat\u0103 \u00een istoria Moldovei, guvernul \u0219i majoritatea parlamentar\u0103 PAS au \u00eenc\u0103lcat grav legea, index\u00e2nd pensiile cu doar 15 la sut\u0103, de\u0219i infla\u021bia a fost mai mare de 30 de procente.<\/p>\n<\/div>\n","protected":false},"excerpt":{"rendered":"<div><img loading=\"lazy\" decoding=\"async\" width=\"662\" height=\"468\" src=\"https:\/\/canal5.md\/wp-content\/uploads\/2025\/03\/snimok-ekrana_7-3-2025_142720_www.youtube.com_-optimized.jpeg\" class=\"attachment-large size-large wp-post-image\" alt=\"\" srcset=\"https:\/\/canal5.md\/wp-content\/uploads\/2025\/03\/snimok-ekrana_7-3-2025_142720_www.youtube.com_-optimized.jpeg 662w, https:\/\/canal5.md\/wp-content\/uploads\/2025\/03\/snimok-ekrana_7-3-2025_142720_www.youtube.com_-300x212-optimized.jpeg 300w\">Au muncit o via\u021b\u0103, dar acum tr\u0103iesc din mila voluntarilor. Vorbim de zeci de b\u0103tr\u00e2ni din capital\u0103, care stau \u00een r\u00e2nd zilnic dup\u0103 un pr\u00e2nz cald \u0219i o bucat\u0103 de p\u00e2ine.Pensia mic\u0103 \u0219i \u00eei fac neputincio\u0219i \u00een fa\u021ba cheltuielilor de zi cu zi, spun ei.Cu lacrimi \u00een ochi, oamenii \u00een etate se pl\u00e2ng de s\u0103r\u0103cie [\u2026]<\/div>\n","protected":false},"author":1,"featured_media":68608,"comment_status":"closed","ping_status":"closed","sticky":false,"template":"","format":"standard","meta":{"jnews-multi-image_gallery":[],"jnews_single_post":[],"jnews_primary_category":[],"jnews_social_meta":[],"jnews_override_counter":[],"footnotes":""},"categories":[30],"tags":[],"class_list":["post-68607","post","type-post","status-publish","format-standard","has-post-thumbnail","hentry","category-social_ro"],"_links":{"self":[{"href":"https:\/\/orheifm.live\/index.php\/wp-json\/wp\/v2\/posts\/68607","targetHints":{"allow":["GET"]}}],"collection":[{"href":"https:\/\/orheifm.live\/index.php\/wp-json\/wp\/v2\/posts"}],"about":[{"href":"https:\/\/orheifm.live\/index.php\/wp-json\/wp\/v2\/types\/post"}],"author":[{"embeddable":true,"href":"https:\/\/orheifm.live\/index.php\/wp-json\/wp\/v2\/users\/1"}],"replies":[{"embeddable":true,"href":"https:\/\/orheifm.live\/index.php\/wp-json\/wp\/v2\/comments?post=68607"}],"version-history":[{"count":0,"href":"https:\/\/orheifm.live\/index.php\/wp-json\/wp\/v2\/posts\/68607\/revisions"}],"wp:featuredmedia":[{"embeddable":true,"href":"https:\/\/orheifm.live\/index.php\/wp-json\/wp\/v2\/media\/68608"}],"wp:attachment":[{"href":"https:\/\/orheifm.live\/index.php\/wp-json\/wp\/v2\/media?parent=68607"}],"wp:term":[{"taxonomy":"category","embeddable":true,"href":"https:\/\/orheifm.live\/index.php\/wp-json\/wp\/v2\/categories?post=68607"},{"taxonomy":"post_tag","embeddable":true,"href":"https:\/\/orheifm.live\/index.php\/wp-json\/wp\/v2\/tags?post=68607"}],"curies":[{"name":"wp","href":"https:\/\/api.w.org\/{rel}","templated":true}]}}