{"id":68605,"date":"2025-03-07T14:24:08","date_gmt":"2025-03-07T12:24:08","guid":{"rendered":"https:\/\/orheifm.live\/index.php\/2025\/03\/07\/vasile-costiuc-cere-sefului-politiei-sa-se-concentreze-pe-criminalitate-si-sa-inceteze-urmarirea-opozitiei\/"},"modified":"2025-03-07T14:24:08","modified_gmt":"2025-03-07T12:24:08","slug":"vasile-costiuc-cere-sefului-politiei-sa-se-concentreze-pe-criminalitate-si-sa-inceteze-urmarirea-opozitiei","status":"publish","type":"post","link":"https:\/\/orheifm.live\/index.php\/2025\/03\/07\/vasile-costiuc-cere-sefului-politiei-sa-se-concentreze-pe-criminalitate-si-sa-inceteze-urmarirea-opozitiei\/","title":{"rendered":"Vasile Costiuc cere \u0219efului Poli\u021biei s\u0103 se concentreze pe criminalitate \u0219i s\u0103 \u00eenceteze urm\u0103rirea opozi\u021biei"},"content":{"rendered":"<div>\n<p><strong>Liderul partidului \u201eDemocra\u021bia Acas\u0103\u201d, Vasile Costiuc, i-a cerut \u0219efului Inspectoratului General al Poli\u021biei s\u0103 \u00eenceteze urm\u0103rirea opozi\u021biei \u0219i s\u0103 se concentreze pe \u00eendeplinirea atribu\u021biilor sale directe \u2013 lupta \u00eempotriva criminalit\u0103\u021bii. Motivul pentru aceast\u0103 adresare a fost un incident care a avut loc \u00een raionul Cimi\u0219lia, c\u00e2nd politicianul a fost oprit de poli\u021bi\u0219ti.<\/strong><br \/>\n<iframe loading=\"lazy\" title=\"YouTube video player\" src=\"https:\/\/www.youtube.com\/embed\/BXb6qTeymxw?si=Y_5-ZnRrYSWEfU_O\" width=\"560\" height=\"315\" frameborder=\"0\" allowfullscreen=\"allowfullscreen\"><\/iframe><\/p>\n<p>VASILE COSTIUC, liderul partidului \u201dDemocra\u021bia Acas\u0103\u201d<\/p>\n<p>Bun\u0103 diminea\u021ba, domnule Cern\u0103u\u021ban, mare\u0219al, general, admiral cu cas\u0103 de 30 milioane. Vreau s\u0103 v\u0103 raportez personal. Vasile Costiuc de aici, de la Cimi\u0219lia. Subalternii dumneavoastr\u0103 au \u00eendeplinit \u00eentocmai ordinul. M-au oprit la ora 8 la Cimi\u0219lia. S-au \u00eenv\u00e2rtit \u00eemprejurul busului, m-au pus \u0219i am suflat de 3 ori \u00een dragher ca s\u0103 stabileasc\u0103 p\u00e2n\u0103 la urm\u0103 c\u0103 n-am b\u0103ut. Domnul Cern\u0103u\u021ban, noi biem ceai.<\/p>\n<p>\u0218i noi v\u0103 dorim \u0219i dumneavoastr\u0103 s\u0103 bie\u021bi ceai. \u0218i nu mai trimite-\u021bi b\u0103ie\u021bii, c\u0103 li tremur\u0103 m\u00e2inile, mai ales s\u0103-\u0219i tineri. Las\u0103-i s\u0103 prind\u0103 bandi\u021bi ho\u021bi \u0219i s\u0103-i interesezi de e\u0219ti care au cas\u0103 de 30 de milioane pe banii cui? Da, domnule Cern\u0103u\u021ban? Eu v- am raportat de aici, de la Sud, a\u0219a c\u0103 nu mai trimite-\u021bi poli\u021bu\u0219tii \u0219i nu- i mi-ai stresa\u021bi.\u00a0 V\u0103 dorim o zi frumoas\u0103, domnule general, admiral, mare\u0219al, \u0430 Maiei Sandu. Mai face\u021bi vreo cas\u0103 la Coloni\u021ba, c\u0103 bani sunt, nu?<\/p>\n<p>Amintim c\u0103, datorit\u0103 lui Vasile Costiuc, recent \u00een spa\u021biul public a ap\u0103rut informa\u021bia, precum c\u0103 \u0219eful Inspectoratului General al Poli\u021biei ar de\u021bine o vil\u0103 luxoas\u0103 \u00een valoare de zeci de milioane de lei, \u00een Coloni\u021ba. Videoclipul publicat de politician a avut o rezonan\u021b\u0103 mare. Serviciul de pres\u0103 al IGP a declarat c\u0103 vila din Coloni\u021ba, ar\u0103tat\u0103 \u00een investiga\u021bie, nu \u00eei apar\u021bine lui Cern\u0103u\u021beanu, dar au confirmat c\u0103 acesta de\u021bine, \u00eentr-adev\u0103r, o proprietate \u00een aceast\u0103 localitate. La r\u00e2ndul s\u0103u, conform investiga\u021biei RISE Moldova, so\u021bia \u0219efului GIP a explicat c\u0103 locuin\u021ba a fost achizi\u021bionat\u0103 cu fonduri ob\u021binute \u00een str\u0103in\u0103tate.<\/p>\n<\/div>\n","protected":false},"excerpt":{"rendered":"<div><img loading=\"lazy\" decoding=\"async\" width=\"696\" height=\"464\" src=\"https:\/\/canal5.md\/wp-content\/uploads\/2025\/03\/1100232__65328889513b5-optimized.jpg\" class=\"attachment-large size-large wp-post-image\" alt=\"\" srcset=\"https:\/\/canal5.md\/wp-content\/uploads\/2025\/03\/1100232__65328889513b5-optimized.jpg 750w, https:\/\/canal5.md\/wp-content\/uploads\/2025\/03\/1100232__65328889513b5-300x200-optimized.jpg 300w, https:\/\/canal5.md\/wp-content\/uploads\/2025\/03\/1100232__65328889513b5-696x464-optimized.jpg 696w\">Liderul partidului \u201eDemocra\u021bia Acas\u0103\u201d, Vasile Costiuc, i-a cerut \u0219efului Inspectoratului General al Poli\u021biei s\u0103 \u00eenceteze urm\u0103rirea opozi\u021biei \u0219i s\u0103 se concentreze pe \u00eendeplinirea atribu\u021biilor sale directe \u2013 lupta \u00eempotriva criminalit\u0103\u021bii. Motivul pentru aceast\u0103 adresare a fost un incident care a avut loc \u00een raionul Cimi\u0219lia, c\u00e2nd politicianul a fost oprit de poli\u021bi\u0219ti. VASILE COSTIUC, liderul [\u2026]<\/div>\n","protected":false},"author":1,"featured_media":68606,"comment_status":"closed","ping_status":"closed","sticky":false,"template":"","format":"standard","meta":{"jnews-multi-image_gallery":[],"jnews_single_post":[],"jnews_primary_category":[],"jnews_social_meta":[],"jnews_override_counter":[],"footnotes":""},"categories":[23],"tags":[],"class_list":["post-68605","post","type-post","status-publish","format-standard","has-post-thumbnail","hentry","category-politica_ro"],"_links":{"self":[{"href":"https:\/\/orheifm.live\/index.php\/wp-json\/wp\/v2\/posts\/68605","targetHints":{"allow":["GET"]}}],"collection":[{"href":"https:\/\/orheifm.live\/index.php\/wp-json\/wp\/v2\/posts"}],"about":[{"href":"https:\/\/orheifm.live\/index.php\/wp-json\/wp\/v2\/types\/post"}],"author":[{"embeddable":true,"href":"https:\/\/orheifm.live\/index.php\/wp-json\/wp\/v2\/users\/1"}],"replies":[{"embeddable":true,"href":"https:\/\/orheifm.live\/index.php\/wp-json\/wp\/v2\/comments?post=68605"}],"version-history":[{"count":0,"href":"https:\/\/orheifm.live\/index.php\/wp-json\/wp\/v2\/posts\/68605\/revisions"}],"wp:featuredmedia":[{"embeddable":true,"href":"https:\/\/orheifm.live\/index.php\/wp-json\/wp\/v2\/media\/68606"}],"wp:attachment":[{"href":"https:\/\/orheifm.live\/index.php\/wp-json\/wp\/v2\/media?parent=68605"}],"wp:term":[{"taxonomy":"category","embeddable":true,"href":"https:\/\/orheifm.live\/index.php\/wp-json\/wp\/v2\/categories?post=68605"},{"taxonomy":"post_tag","embeddable":true,"href":"https:\/\/orheifm.live\/index.php\/wp-json\/wp\/v2\/tags?post=68605"}],"curies":[{"name":"wp","href":"https:\/\/api.w.org\/{rel}","templated":true}]}}