{"id":68603,"date":"2025-03-07T14:00:41","date_gmt":"2025-03-07T12:00:41","guid":{"rendered":"https:\/\/orheifm.live\/index.php\/2025\/03\/07\/inregistrare-montata-in-procesul-lui-gutul-si-popan-este-o-incercare-de-a-reduce-la-tacere-liderii-incomozi\/"},"modified":"2025-03-07T14:00:41","modified_gmt":"2025-03-07T12:00:41","slug":"inregistrare-montata-in-procesul-lui-gutul-si-popan-este-o-incercare-de-a-reduce-la-tacere-liderii-incomozi","status":"publish","type":"post","link":"https:\/\/orheifm.live\/index.php\/2025\/03\/07\/inregistrare-montata-in-procesul-lui-gutul-si-popan-este-o-incercare-de-a-reduce-la-tacere-liderii-incomozi\/","title":{"rendered":"\u00cenregistrare montat\u0103 \u00een procesul lui Gu\u021bul \u0219i Popan:  \u201eEste o \u00eencercare de a reduce la t\u0103cere liderii incomozi\u201d"},"content":{"rendered":"<div>\n<p><strong>Procesul ba\u0219canului G\u0103g\u0103uziei, Evghenia Gu\u021bul, \u0219i al activistei Svetlana Popan seam\u0103n\u0103 tot mai mult cu o \u00eencercare de reducere la t\u0103cere a liderilor politici incomozi. \u0218edin\u021ba de vineri, ultima din aceast\u0103 s\u0103pt\u0103m\u00e2n\u0103, s-a deosebit de celelalte doar printr- o problem\u0103 tehnic\u0103, mai exact, \u00een \u00eenregistrarea prezentat\u0103, drept prob\u0103, de procurori, erau alte voci dec\u00e2t cele ale persoanelor care ap\u0103reau \u00een imagini, probabil, semn c\u0103, pe undeva, a fost lipit\u0103 prost.<\/strong><\/p>\n<p>Cei prezen\u021bi la \u00eentrunirea de vineri, 40 de minute au urm\u0103rit imagini \u00een care nici m\u0103car nu se men\u021bioneaz\u0103 numele ba\u0219canului \u0219i al activistei Popan. \u00cen plus, \u00eenregistrarea a fost cel mai probabil montat\u0103, spune Evghenia Gu\u021bul.<\/p>\n<p>EVGHENIA GU\u021aUL, ba\u0219canul G\u0103g\u0103uziei<\/p>\n<p>Ast\u0103zi au fost \u0219i a\u0219a momente c\u00e2nd persoanele men\u021bionate \u00een documente nu corespundeau cu vocile de pe \u00eenregistr\u0103ri. Nu \u00een zadar se spune: c\u00e2nd te gr\u0103be\u0219ti, munca iese f\u0103cut\u0103 superficial. Acela\u0219i lucru se \u00eent\u00e2mpl\u0103 \u0219i acum \u00een acest proces judiciar.<\/p>\n<p>De asemenea, judec\u0103torul a redus \u0219edin\u021ba cu o jum\u0103tate de or\u0103, pentru c\u0103, vezi, Doamne, e zi scurt\u0103, oamenii trebuie s\u0103 se preg\u0103teasc\u0103 de 8 martie. Iar acest lucru este greu de calificat cumva, av\u00e2nd \u00een vedere c\u0103 Svetlana Popan nu a putut sta \u00een spital at\u00e2t c\u00e2t a trebuit, fiind chemat\u0103 insistent \u00een instan\u021b\u0103 chiar a doua zi dup\u0103 ce fusese supus\u0103 unei interven\u021bii chirurgicale.<\/p>\n<p>TOMAS MAVROGHENI, activist, aripa t\u00e2n\u0103r\u0103 a Blocului \u201dVictorie\u201d<\/p>\n<p>Judec\u0103torul a decis c\u0103 problemele sale sunt mai importante \u0219i a hot\u0103r\u00e2t s\u0103 termine cu 30 de minute mai devreme. \u00cen schimb, c\u00e2nd Svetlanei Popan i-au ap\u0103rut dificult\u0103\u021bi \u0219i a fost chemat\u0103 de la spital, acest aspect nu a fost considerat o problem\u0103 personal\u0103. Totu\u0219i, atunci c\u00e2nd judec\u0103torul trebuia s\u0103 ia o decizie, timpul a fost scurtat cu \u00eenc\u0103 30 de minute, iar un alt proces a fost am\u00e2nat. Astfel, observ\u0103m cum, \u00een realit\u0103\u021bile actuale, exist\u0103 o atitudine inuman\u0103 fa\u021b\u0103 de cei care, cu adev\u0103rat, \u00ee\u0219i iubesc poporul \u0219i lupt\u0103 cu toat\u0103 inima pentru el.<\/p>\n<p>Sus\u021bin\u0103torii \u0219i colegii celor dou\u0103 acuzate au fost din nou al\u0103turi de ele, reiter\u00e2nd c\u0103 procesul se desf\u0103\u0219oar\u0103 \u00eentr-un ritm alert, semn al presiunii exercitate de guvernare asupra opozi\u021biei. Mai mult, ei s-au ar\u0103tat convin\u0219i c\u0103 urmeaz\u0103 re\u021binerea rapid\u0103 a lui Alexandr Nesterovski, a c\u0103rui \u0219edin\u021b\u0103 de judecat\u0103 a fost programat\u0103 tot pentru vineri.<\/p>\n<p>IVAN STAMOV, activist civic<\/p>\n<p>Din p\u0103cate, abuzul politic continu\u0103. Ast\u0103zi pe l\u00e2ng\u0103 procesul Evgheniei Gu\u021bul \u0219i al Svetlanei Papan, va avea loc \u0219i o \u0219edin\u021b\u0103 de judecat\u0103 \u0219i \u00een cazul lui Alexandr Nesterovski. Exist\u0103 amenin\u021barea ca acesta s\u0103 fie g\u0103sit vinovat \u0219i trimis imediat la \u00eenchisoare. Care este scopul tuturor acestor ac\u021biuni? Cred c\u0103 puterea, regimul Sandu \u0219i partidul PAS \u00eencearc\u0103 s\u0103 scape de liderii opozi\u021biei, for\u021b\u00e2ndu-i s\u0103 tac\u0103 prin aresturi. Scopul lor este s\u0103 terorizeze cet\u0103\u021benii \u0219i s\u0103 le \u00eempiedice s\u0103 \u00ee\u0219i exprime nemul\u021bumirile \u00een mod deschis.<\/p>\n<p>Amintim c\u0103 potrivit deciziei judec\u0103torului, Evghenia Gu\u021bul \u0219i Svetlana Popan trebuie s\u0103 se prezinte la \u0219edin\u021bele de judecat\u0103 de patru ori pe s\u0103pt\u0103m\u00e2n\u0103, iar urm\u0103toarea va avea loc luni, 10 martie. Cele dou\u0103 sunt investigate pentru complicitate la finan\u021barea ilegal\u0103 a unui partid politic, acuza\u021bii pe care le resping, consider\u00e2nd c\u0103 dosarul este unul de natur\u0103 politic\u0103. Procurorii se ab\u021bin de la comentarii.<\/p>\n<\/div>\n","protected":false},"excerpt":{"rendered":"<div><img loading=\"lazy\" decoding=\"async\" width=\"696\" height=\"530\" src=\"https:\/\/canal5.md\/wp-content\/uploads\/2025\/03\/gutul-jpg-optimized.webp\" class=\"attachment-large size-large wp-post-image\" alt=\"\" srcset=\"https:\/\/canal5.md\/wp-content\/uploads\/2025\/03\/gutul-jpg-optimized.webp 766w, https:\/\/canal5.md\/wp-content\/uploads\/2025\/03\/gutul-jpg-300x228-optimized.webp 300w, https:\/\/canal5.md\/wp-content\/uploads\/2025\/03\/gutul-jpg-696x530-optimized.webp 696w\">Procesul ba\u0219canului G\u0103g\u0103uziei, Evghenia Gu\u021bul, \u0219i al activistei Svetlana Popan seam\u0103n\u0103 tot mai mult cu o \u00eencercare de reducere la t\u0103cere a liderilor politici incomozi. \u0218edin\u021ba de vineri, ultima din aceast\u0103 s\u0103pt\u0103m\u00e2n\u0103, s-a deosebit de celelalte doar printr- o problem\u0103 tehnic\u0103, mai exact, \u00een \u00eenregistrarea prezentat\u0103, drept prob\u0103, de procurori, erau alte voci dec\u00e2t cele [\u2026]<\/div>\n","protected":false},"author":1,"featured_media":68604,"comment_status":"closed","ping_status":"closed","sticky":false,"template":"","format":"standard","meta":{"jnews-multi-image_gallery":[],"jnews_single_post":[],"jnews_primary_category":[],"jnews_social_meta":[],"jnews_override_counter":[],"footnotes":""},"categories":[23],"tags":[],"class_list":["post-68603","post","type-post","status-publish","format-standard","has-post-thumbnail","hentry","category-politica_ro"],"_links":{"self":[{"href":"https:\/\/orheifm.live\/index.php\/wp-json\/wp\/v2\/posts\/68603","targetHints":{"allow":["GET"]}}],"collection":[{"href":"https:\/\/orheifm.live\/index.php\/wp-json\/wp\/v2\/posts"}],"about":[{"href":"https:\/\/orheifm.live\/index.php\/wp-json\/wp\/v2\/types\/post"}],"author":[{"embeddable":true,"href":"https:\/\/orheifm.live\/index.php\/wp-json\/wp\/v2\/users\/1"}],"replies":[{"embeddable":true,"href":"https:\/\/orheifm.live\/index.php\/wp-json\/wp\/v2\/comments?post=68603"}],"version-history":[{"count":0,"href":"https:\/\/orheifm.live\/index.php\/wp-json\/wp\/v2\/posts\/68603\/revisions"}],"wp:featuredmedia":[{"embeddable":true,"href":"https:\/\/orheifm.live\/index.php\/wp-json\/wp\/v2\/media\/68604"}],"wp:attachment":[{"href":"https:\/\/orheifm.live\/index.php\/wp-json\/wp\/v2\/media?parent=68603"}],"wp:term":[{"taxonomy":"category","embeddable":true,"href":"https:\/\/orheifm.live\/index.php\/wp-json\/wp\/v2\/categories?post=68603"},{"taxonomy":"post_tag","embeddable":true,"href":"https:\/\/orheifm.live\/index.php\/wp-json\/wp\/v2\/tags?post=68603"}],"curies":[{"name":"wp","href":"https:\/\/api.w.org\/{rel}","templated":true}]}}