{"id":68601,"date":"2025-03-07T14:00:18","date_gmt":"2025-03-07T12:00:18","guid":{"rendered":"https:\/\/orheifm.live\/index.php\/2025\/03\/07\/alexandru-badarau-preia-functia-de-consilier-pe-agricultura-in-guvernul-recean\/"},"modified":"2025-03-07T14:00:18","modified_gmt":"2025-03-07T12:00:18","slug":"alexandru-badarau-preia-functia-de-consilier-pe-agricultura-in-guvernul-recean","status":"publish","type":"post","link":"https:\/\/orheifm.live\/index.php\/2025\/03\/07\/alexandru-badarau-preia-functia-de-consilier-pe-agricultura-in-guvernul-recean\/","title":{"rendered":"Alexandru B\u0103d\u0103r\u0103u preia func\u021bia de consilier pe Agricultur\u0103, \u00een Guvernul Recean"},"content":{"rendered":"<div>\n<p><strong>Unul dintre cei mai vocali reprezentant al asocia\u021biilor de fermieri \u0219i un ap\u0103r\u0103tor \u00eenfl\u0103c\u0103rat al intereselor produc\u0103torilor agricoli s-a ales cu o func\u021bie \u00een Cabinetul premierului Dorin Recean. Este vorba despre Directorul executiv al Asocia\u021biei For\u021ba Fermierilor, Alexandru B\u0103d\u0103r\u0103u, care va fi, de acum \u00eenainte, consilier pe domeniul Agriculturii. <\/strong><\/p>\n<p>Func\u021bia i-a revenit \u00een urma unui concurs, \u00een care asocia\u021biile de profil din agricultur\u0103 au votat trei candida\u021bi: Tatiana Nistoric\u0103, care a acumulat 7 voturi, a refuzat oferta, Alexandru B\u0103d\u0103r\u0103u are 6 voturi, iar pentru Viorel Gherciu au votat 3 reprezentan\u021bi. B\u0103d\u0103r\u0103u a acceptat mandatul pe care-l va exercita \u00eencep\u00e2nd cu data de 10 martie.<\/p>\n<p>\u201e Rolul meu principal va fi acela de intermediar \u00eentre sectorul agricol \u0219i Primul Ministru, concentr\u00e2ndu- m\u0103 pe comunicare, analiza problemelor \u0219i identificarea solu\u021biilor optime \u00een domeniul agricol\u201d, a scris B\u0103d\u0103r\u0103u pe re\u021belele de socializare. Acum r\u0103m\u00e2ne de v\u0103zut dac\u0103 au c\u00e2\u0219tigat fermierii un negociator sau au pierdut un ap\u0103r\u0103tor al drepturilor \u0219i intereselor sectorului strategic. Potrivit unei preciz\u0103ri a Guvernului, func\u021bia de consilier este o func\u021bie de demnitate public\u0103.<\/p>\n<\/div>\n","protected":false},"excerpt":{"rendered":"<div><img loading=\"lazy\" decoding=\"async\" width=\"696\" height=\"421\" src=\"https:\/\/canal5.md\/wp-content\/uploads\/2025\/03\/img9811-1741328060ll74qn5-17413280788h1lcq8-optimized.jpeg\" class=\"attachment-large size-large wp-post-image\" alt=\"\" srcset=\"https:\/\/canal5.md\/wp-content\/uploads\/2025\/03\/img9811-1741328060ll74qn5-17413280788h1lcq8-optimized.jpeg 900w, https:\/\/canal5.md\/wp-content\/uploads\/2025\/03\/img9811-1741328060ll74qn5-17413280788h1lcq8-300x182-optimized.jpeg 300w, https:\/\/canal5.md\/wp-content\/uploads\/2025\/03\/img9811-1741328060ll74qn5-17413280788h1lcq8-768x465-optimized.jpeg 768w, https:\/\/canal5.md\/wp-content\/uploads\/2025\/03\/img9811-1741328060ll74qn5-17413280788h1lcq8-696x421-optimized.jpeg 696w\">Unul dintre cei mai vocali reprezentant al asocia\u021biilor de fermieri \u0219i un ap\u0103r\u0103tor \u00eenfl\u0103c\u0103rat al intereselor produc\u0103torilor agricoli s-a ales cu o func\u021bie \u00een Cabinetul premierului Dorin Recean. Este vorba despre Directorul executiv al Asocia\u021biei For\u021ba Fermierilor, Alexandru B\u0103d\u0103r\u0103u, care va fi, de acum \u00eenainte, consilier pe domeniul Agriculturii. Func\u021bia i-a revenit \u00een urma unui [\u2026]<\/div>\n","protected":false},"author":1,"featured_media":68602,"comment_status":"closed","ping_status":"closed","sticky":false,"template":"","format":"standard","meta":{"jnews-multi-image_gallery":[],"jnews_single_post":[],"jnews_primary_category":[],"jnews_social_meta":[],"jnews_override_counter":[],"footnotes":""},"categories":[23],"tags":[],"class_list":["post-68601","post","type-post","status-publish","format-standard","has-post-thumbnail","hentry","category-politica_ro"],"_links":{"self":[{"href":"https:\/\/orheifm.live\/index.php\/wp-json\/wp\/v2\/posts\/68601","targetHints":{"allow":["GET"]}}],"collection":[{"href":"https:\/\/orheifm.live\/index.php\/wp-json\/wp\/v2\/posts"}],"about":[{"href":"https:\/\/orheifm.live\/index.php\/wp-json\/wp\/v2\/types\/post"}],"author":[{"embeddable":true,"href":"https:\/\/orheifm.live\/index.php\/wp-json\/wp\/v2\/users\/1"}],"replies":[{"embeddable":true,"href":"https:\/\/orheifm.live\/index.php\/wp-json\/wp\/v2\/comments?post=68601"}],"version-history":[{"count":0,"href":"https:\/\/orheifm.live\/index.php\/wp-json\/wp\/v2\/posts\/68601\/revisions"}],"wp:featuredmedia":[{"embeddable":true,"href":"https:\/\/orheifm.live\/index.php\/wp-json\/wp\/v2\/media\/68602"}],"wp:attachment":[{"href":"https:\/\/orheifm.live\/index.php\/wp-json\/wp\/v2\/media?parent=68601"}],"wp:term":[{"taxonomy":"category","embeddable":true,"href":"https:\/\/orheifm.live\/index.php\/wp-json\/wp\/v2\/categories?post=68601"},{"taxonomy":"post_tag","embeddable":true,"href":"https:\/\/orheifm.live\/index.php\/wp-json\/wp\/v2\/tags?post=68601"}],"curies":[{"name":"wp","href":"https:\/\/api.w.org\/{rel}","templated":true}]}}