{"id":68599,"date":"2025-03-07T13:00:05","date_gmt":"2025-03-07T11:00:05","guid":{"rendered":"https:\/\/orheifm.live\/index.php\/2025\/03\/07\/traficul-feroviar-din-gara-de-nord-paris-oprit-dupa-descoperirea-unei-bombe-din-al-doilea-razboi-mondial\/"},"modified":"2025-03-07T13:00:05","modified_gmt":"2025-03-07T11:00:05","slug":"traficul-feroviar-din-gara-de-nord-paris-oprit-dupa-descoperirea-unei-bombe-din-al-doilea-razboi-mondial","status":"publish","type":"post","link":"https:\/\/orheifm.live\/index.php\/2025\/03\/07\/traficul-feroviar-din-gara-de-nord-paris-oprit-dupa-descoperirea-unei-bombe-din-al-doilea-razboi-mondial\/","title":{"rendered":"Traficul feroviar din Gara de Nord Paris, oprit dup\u0103 descoperirea unei bombe din al Doilea R\u0103zboi Mondial"},"content":{"rendered":"<div>\n<p><strong>Traficul feroviar a fost \u00eentrerupt complet vineri \u00een Gara de Nord din Paris, dup\u0103 descoperirea unei bombe neexplodate din al Doilea R\u0103zboi Mondial \u00een suburbia Saint-Denis, la aproximativ 5 km de capitala Fran\u021bei. <\/strong><\/p>\n<p>Incidentul a avut loc \u00een mijlocul c\u0103ii ferate, iar \u00een urma acestuia, niciun tren Eurostar \u0219i niciun tren regional nu au circulat. SNCF a anun\u021bat c\u0103 traficul nu va putea fi reluat dec\u00e2t dup\u0103 finalizarea opera\u021biunilor de deminare, care sunt deja \u00een curs de organizare de c\u0103tre serviciile specializate ale poli\u021biei din Paris.<\/p>\n<p>Trenurile Eurostar care leag\u0103 Parisul de Londra, dar \u0219i de alte destina\u021bii precum Belgia, Germania \u0219i \u021a\u0103rile de Jos, au fost deviate la plecarea din Marne-la-Vallee, situat la est de Paris. Compania de c\u0103i ferate recomand\u0103 pasagerilor s\u0103 \u00ee\u0219i am\u00e2ne c\u0103l\u0103toriile din Gara de Nord. M\u0103sura a fost luat\u0103 la cererea autorit\u0103\u021bilor, dup\u0103 descoperirea bombei \u00een timpul unor lucr\u0103ri desf\u0103\u0219urate \u00een apropiere de Gara de Nord.<\/p>\n<p>Potrivit informa\u021biilor, ar fi vorba despre un obuz din al Doilea R\u0103zboi Mondial.<\/p>\n<\/div>\n","protected":false},"excerpt":{"rendered":"<div><img loading=\"lazy\" decoding=\"async\" width=\"696\" height=\"393\" src=\"https:\/\/canal5.md\/wp-content\/uploads\/2025\/03\/mwjimmjmyji2zdniyzhhmmeyntmzmzm3m2yyodlmzta.thumb-1-optimized.jpg\" class=\"attachment-large size-large wp-post-image\" alt=\"\" srcset=\"https:\/\/canal5.md\/wp-content\/uploads\/2025\/03\/mwjimmjmyji2zdniyzhhmmeyntmzmzm3m2yyodlmzta.thumb-1-optimized.jpg 780w, https:\/\/canal5.md\/wp-content\/uploads\/2025\/03\/mwjimmjmyji2zdniyzhhmmeyntmzmzm3m2yyodlmzta.thumb-1-300x169-optimized.jpg 300w, https:\/\/canal5.md\/wp-content\/uploads\/2025\/03\/mwjimmjmyji2zdniyzhhmmeyntmzmzm3m2yyodlmzta.thumb-1-768x433-optimized.jpg 768w, https:\/\/canal5.md\/wp-content\/uploads\/2025\/03\/mwjimmjmyji2zdniyzhhmmeyntmzmzm3m2yyodlmzta.thumb-1-696x393-optimized.jpg 696w\">Traficul feroviar a fost \u00eentrerupt complet vineri \u00een Gara de Nord din Paris, dup\u0103 descoperirea unei bombe neexplodate din al Doilea R\u0103zboi Mondial \u00een suburbia Saint-Denis, la aproximativ 5 km de capitala Fran\u021bei. Incidentul a avut loc \u00een mijlocul c\u0103ii ferate, iar \u00een urma acestuia, niciun tren Eurostar \u0219i niciun tren regional nu au circulat. [\u2026]<\/div>\n","protected":false},"author":1,"featured_media":68600,"comment_status":"closed","ping_status":"closed","sticky":false,"template":"","format":"standard","meta":{"jnews-multi-image_gallery":[],"jnews_single_post":[],"jnews_primary_category":[],"jnews_social_meta":[],"jnews_override_counter":[],"footnotes":""},"categories":[29],"tags":[],"class_list":["post-68599","post","type-post","status-publish","format-standard","has-post-thumbnail","hentry","category-externe_ro"],"_links":{"self":[{"href":"https:\/\/orheifm.live\/index.php\/wp-json\/wp\/v2\/posts\/68599","targetHints":{"allow":["GET"]}}],"collection":[{"href":"https:\/\/orheifm.live\/index.php\/wp-json\/wp\/v2\/posts"}],"about":[{"href":"https:\/\/orheifm.live\/index.php\/wp-json\/wp\/v2\/types\/post"}],"author":[{"embeddable":true,"href":"https:\/\/orheifm.live\/index.php\/wp-json\/wp\/v2\/users\/1"}],"replies":[{"embeddable":true,"href":"https:\/\/orheifm.live\/index.php\/wp-json\/wp\/v2\/comments?post=68599"}],"version-history":[{"count":0,"href":"https:\/\/orheifm.live\/index.php\/wp-json\/wp\/v2\/posts\/68599\/revisions"}],"wp:featuredmedia":[{"embeddable":true,"href":"https:\/\/orheifm.live\/index.php\/wp-json\/wp\/v2\/media\/68600"}],"wp:attachment":[{"href":"https:\/\/orheifm.live\/index.php\/wp-json\/wp\/v2\/media?parent=68599"}],"wp:term":[{"taxonomy":"category","embeddable":true,"href":"https:\/\/orheifm.live\/index.php\/wp-json\/wp\/v2\/categories?post=68599"},{"taxonomy":"post_tag","embeddable":true,"href":"https:\/\/orheifm.live\/index.php\/wp-json\/wp\/v2\/tags?post=68599"}],"curies":[{"name":"wp","href":"https:\/\/api.w.org\/{rel}","templated":true}]}}