{"id":68548,"date":"2025-03-06T14:57:37","date_gmt":"2025-03-06T12:57:37","guid":{"rendered":"https:\/\/orheifm.live\/index.php\/2025\/03\/06\/guvernul-majoreaza-salariile-membrilor-comisiilor-de-vetting-cu-50-in-timp-ce-feroviarii-traiesc-fara-venituri-de-jumatate-de-an\/"},"modified":"2025-03-06T14:57:37","modified_gmt":"2025-03-06T12:57:37","slug":"guvernul-majoreaza-salariile-membrilor-comisiilor-de-vetting-cu-50-in-timp-ce-feroviarii-traiesc-fara-venituri-de-jumatate-de-an","status":"publish","type":"post","link":"https:\/\/orheifm.live\/index.php\/2025\/03\/06\/guvernul-majoreaza-salariile-membrilor-comisiilor-de-vetting-cu-50-in-timp-ce-feroviarii-traiesc-fara-venituri-de-jumatate-de-an\/","title":{"rendered":"Guvernul majoreaz\u0103 salariile membrilor comisiilor de vetting cu 50%, \u00een timp ce feroviarii tr\u0103iesc f\u0103r\u0103 venituri de jum\u0103tate de an"},"content":{"rendered":"<div>\n<p><strong>Unii cu buzunarele roase, al\u021bii cu buzunarele grase. \u00cen timp ce feroviarii de jum\u0103tate de an tr\u0103iesc f\u0103r\u0103 salarii, pentru membrii na\u021bionali ai comisiilor de evaluare a judec\u0103torilor \u0219i procurorilor, Guvernul are bani! Printr-o decizie aprobat\u0103, miercuri, 5 martie, salariul lunar al membrilor comisiilor de vetting va fi majorat cu 50 la sut\u0103. Mai exact, ace\u0219tia vor ridica lunar p\u00e2n\u0103 la circa 110 mii de lei. Procuratura General\u0103 a venit cu obiec\u021bii la proiectul de lege \u0219i a calificat cre\u0219terile drept nejustificate, din moment ce nu sunt f\u0103cute publice statistici clare privind volumul de lucru al acestor exper\u021bi.<\/strong><br \/>\n<iframe loading=\"lazy\" title=\"YouTube video player\" src=\"https:\/\/www.youtube.com\/embed\/OKO5G5ZYIbM?si=KklImafVKeSId2XZ\" width=\"560\" height=\"315\" frameborder=\"0\" allowfullscreen=\"allowfullscreen\"><\/iframe><\/p>\n<p>\u00cen proiectul de lege, Ministerul Justi\u021biei a justificat majorarea prin faptul c\u0103,\u00a0 \u2013 cit\u0103m \u2013 \u00een prezent, leafa lunar\u0103 a exper\u021bilor na\u021bionali \u00een cele dou\u0103 comisii este echivalent\u0103 cu m\u0103rimea dubl\u0103 a salariului judec\u0103torului Cur\u021bii Supreme de Justi\u021bie cu vechime \u00een munc\u0103 de peste 16 ani, \u00een cazul comisiei de vetting pentru judec\u0103tori, \u0219i m\u0103rimea dubl\u0103 a salariului judec\u0103torului CSJ, \u00een cazul comisiei pentru evaluarea procurorilor. Astfel, aceste prevederi nu mai sunt actuale, odat\u0103 cu dublarea volumului de lucru al membrilor comisiilor.<\/p>\n<p>Astfel, dac\u0103 p\u00e2n\u0103 acum salariul lunar al unui membru a comisiilor de vetting era de aproape 74 de mii de lei, atunci dup\u0103 aprobarea documentului, acesta va ajunge la 110 mii 610 lei lunar, potrivit modific\u0103rilor propuse.<\/p>\n<p>De asemenea, documentul, propus de Ministerul Justi\u021biei, mai prevede c\u0103, pe l\u00e2ng\u0103 aceste major\u0103ri salariale, echipa exper\u021bilor na\u021bionali din cele dou\u0103 comisii de vetting va ma fi suplimentat\u0103 cu \u00eenc\u0103 un reprezentat, ceea ce \u00eenseamn\u0103 c\u0103 \u00een ambele structuri vor fi c\u00e2te patru membri na\u021bionali, pe l\u00e2ng\u0103 cei cinci interna\u021bionali.<\/p>\n<p>\u00cen proiect, Ministerul Justi\u021biei spune c\u0103 aceste modific\u0103ri au \u201dscopul de a eficientiza procesul de evaluare extern\u0103 a judec\u0103torilor \u0219i procurorilor\u201d.<\/p>\n<p>Pe de alt\u0103 parte, \u00een timpul consult\u0103rilor, Procuratura General\u0103 a propus anularea acestor prevederi care, potrivit institu\u021biei, nu sunt rezonabile \u0219i nici jusitificate.\u00a0 \u201d\u00cen continuare r\u0103m\u00e2ne neclar care este volumul de lucru care \u201es-a dublat\u201d, av\u00e2nd \u00een vedere c\u0103 nu sunt prezentate date statistice relevante \u00een acest sens.<\/p>\n<p>Consider\u0103m c\u0103, de la data de 17.08.2023, c\u00e2nd a fost adoptat\u0103 Legea nr. 252\/2023 privind evaluarea extern\u0103 a judec\u0103torilor \u0219i procurorilor \u0219i modificarea unor acte normative, nu au intervenit amendamente legislative care s\u0103 justifice dublarea volumului de munc\u0103 al membrilor na\u021bionali. Este evident nerealist ca membrul comisiei de evaluare s\u0103 presteze zilnic 16 ore de munc\u0103 \u00een loc de 8 ore, realiz\u00e2nd un volum dublu de munc\u0103 \u00eentr-o zi lucr\u0103toare, sau s\u0103 genereze acela\u0219i volum de munc\u0103 dublu \u00een acelea\u0219i 8 ore zilnice.<\/p>\n<p>Prin urmare, acest argument nu este motivat \u0219i nu poate constitui o justificare pentru majorarea indemniza\u021biei\u201d. , se arat\u0103 \u00een obiec\u021biile Procuraturii Generale.<\/p>\n<p>\u201d\u00cen continuare r\u0103m\u00e2ne neclar care este volumul de lucru care \u201es-a dublat\u201d, av\u00e2nd \u00een vedere c\u0103 nu sunt prezentate date statistice relevante \u00een acest sens. Consider\u0103m c\u0103, de la data de 17.08.2023, c\u00e2nd a fost adoptat\u0103 Legea nr. 252\/2023 privind evaluarea extern\u0103 a judec\u0103torilor \u0219i procurorilor \u0219i modificarea unor acte normative, nu au intervenit amendamente legislative care s\u0103 justifice dublarea volumului de munc\u0103 al membrilor na\u021bionali. Este evident nerealist ca membrul comisiei de evaluare s\u0103 presteze zilnic 16 ore de munc\u0103 \u00een loc de 8 ore, realiz\u00e2nd un volum dublu de munc\u0103 \u00eentr-o zi lucr\u0103toare, sau s\u0103 genereze acela\u0219i volum de munc\u0103 dublu \u00een acelea\u0219i 8 ore zilnice. Prin urmare, acest argument nu este motivat \u0219i nu poate constitui o justificare pentru majorarea indemniza\u021biei\u201d.<\/p>\n<p>Anterior, ministrul Justi\u0163iei, Veronica Mihailov, spunea c\u0103 nu \u0219tie ce salarii ridic\u0103 membrii comisiei vetting, care evalueaz\u0103 integritatea judec\u0103torilor. Potrivit ei, lefurile membrilor interna\u0163ionali difer\u0103 de cele ale mebrilor na\u021bionali \u0219i sunt achitate din bugete diferite, iar Ministerul Justi\u0163iei nu are acces la aceste informa\u021bii.<\/p>\n<p>Toate astea se \u00eent\u00e2mpl\u0103 pe fondul unei situa\u021bii grave \u00een care s-au pomenit, spre exemplu, feroviarii, care, timp de \u0219apte luni au \u00eent\u00e2rzieri la plata salariilor \u0219i au \u00eenceput s\u0103 protesteze pe \u00eentreg teritoriul \u021b\u0103rii, iar autorit\u0103\u021bile continu\u0103 s\u0103 str\u00e2ng\u0103 din umeri f\u0103r\u0103 s\u0103 ia vreo m\u0103sur\u0103 concludent\u0103. La fel \u0219i pensionarii \u00ee\u0219i a\u0219teapt\u0103 pensiile mizere, care au fost majorate de PAS cu doar 523 de lei, \u00een contextul unei infla\u021bii de peste 60% \u00een patru ani, iar profesorii au beneficiat de o majorare salarial\u0103 cu doar 15%, care a fost criticat\u0103 de cadrele didactice \u0219i sindicate, pentru c\u0103 acestea sunt inechitabile. Guvernul motiv\u00e2nd c\u0103 nu ajung bani pentru major\u0103ri mai mari.<\/p>\n<\/div>\n","protected":false},"excerpt":{"rendered":"<div><img loading=\"lazy\" decoding=\"async\" width=\"696\" height=\"437\" src=\"https:\/\/canal5.md\/wp-content\/uploads\/2025\/03\/comisia_vetting_judecatori-1068x671-1-1024x643-optimized.jpg\" class=\"attachment-large size-large wp-post-image\" alt=\"\" srcset=\"https:\/\/canal5.md\/wp-content\/uploads\/2025\/03\/comisia_vetting_judecatori-1068x671-1-1024x643-optimized.jpg 1024w, https:\/\/canal5.md\/wp-content\/uploads\/2025\/03\/comisia_vetting_judecatori-1068x671-1-300x188-optimized.jpg 300w, https:\/\/canal5.md\/wp-content\/uploads\/2025\/03\/comisia_vetting_judecatori-1068x671-1-768x483-optimized.jpg 768w, https:\/\/canal5.md\/wp-content\/uploads\/2025\/03\/comisia_vetting_judecatori-1068x671-1-696x437-optimized.jpg 696w, https:\/\/canal5.md\/wp-content\/uploads\/2025\/03\/comisia_vetting_judecatori-1068x671-1-optimized.jpg 1068w\">Unii cu buzunarele roase, al\u021bii cu buzunarele grase. \u00cen timp ce feroviarii de jum\u0103tate de an tr\u0103iesc f\u0103r\u0103 salarii, pentru membrii na\u021bionali ai comisiilor de evaluare a judec\u0103torilor \u0219i procurorilor, Guvernul are bani! Printr-o decizie aprobat\u0103, miercuri, 5 martie, salariul lunar al membrilor comisiilor de vetting va fi majorat cu 50 la sut\u0103. Mai exact, [\u2026]<\/div>\n","protected":false},"author":1,"featured_media":68549,"comment_status":"closed","ping_status":"closed","sticky":false,"template":"","format":"standard","meta":{"jnews-multi-image_gallery":[],"jnews_single_post":[],"jnews_primary_category":[],"jnews_social_meta":[],"jnews_override_counter":[],"footnotes":""},"categories":[30],"tags":[],"class_list":["post-68548","post","type-post","status-publish","format-standard","has-post-thumbnail","hentry","category-social_ro"],"_links":{"self":[{"href":"https:\/\/orheifm.live\/index.php\/wp-json\/wp\/v2\/posts\/68548","targetHints":{"allow":["GET"]}}],"collection":[{"href":"https:\/\/orheifm.live\/index.php\/wp-json\/wp\/v2\/posts"}],"about":[{"href":"https:\/\/orheifm.live\/index.php\/wp-json\/wp\/v2\/types\/post"}],"author":[{"embeddable":true,"href":"https:\/\/orheifm.live\/index.php\/wp-json\/wp\/v2\/users\/1"}],"replies":[{"embeddable":true,"href":"https:\/\/orheifm.live\/index.php\/wp-json\/wp\/v2\/comments?post=68548"}],"version-history":[{"count":0,"href":"https:\/\/orheifm.live\/index.php\/wp-json\/wp\/v2\/posts\/68548\/revisions"}],"wp:featuredmedia":[{"embeddable":true,"href":"https:\/\/orheifm.live\/index.php\/wp-json\/wp\/v2\/media\/68549"}],"wp:attachment":[{"href":"https:\/\/orheifm.live\/index.php\/wp-json\/wp\/v2\/media?parent=68548"}],"wp:term":[{"taxonomy":"category","embeddable":true,"href":"https:\/\/orheifm.live\/index.php\/wp-json\/wp\/v2\/categories?post=68548"},{"taxonomy":"post_tag","embeddable":true,"href":"https:\/\/orheifm.live\/index.php\/wp-json\/wp\/v2\/tags?post=68548"}],"curies":[{"name":"wp","href":"https:\/\/api.w.org\/{rel}","templated":true}]}}