{"id":68546,"date":"2025-03-06T14:58:51","date_gmt":"2025-03-06T12:58:51","guid":{"rendered":"https:\/\/orheifm.live\/index.php\/2025\/03\/06\/grupul-parlamentar-victorie-a-boicotat-sedinta-parlamentului-continuam-lupta-pentru-egalitate\/"},"modified":"2025-03-06T14:58:51","modified_gmt":"2025-03-06T12:58:51","slug":"grupul-parlamentar-victorie-a-boicotat-sedinta-parlamentului-continuam-lupta-pentru-egalitate","status":"publish","type":"post","link":"https:\/\/orheifm.live\/index.php\/2025\/03\/06\/grupul-parlamentar-victorie-a-boicotat-sedinta-parlamentului-continuam-lupta-pentru-egalitate\/","title":{"rendered":"Grupul parlamentar \u201eVictorie\u201d a boicotat \u0219edin\u021ba Parlamentului: \u201eContinu\u0103m lupta pentru egalitate\u201d"},"content":{"rendered":"<div>\n<p><strong>Deputa\u021bii grupului parlamentar \u201eVictorie\u201d boicoteaz\u0103 \u0219edin\u021ba de Parlamentului de joi, 6 martie. Potrivit acestora, ordinea de zi a Legislativului, cu rare excep\u021bii, nu are nicio leg\u0103tur\u0103 cu interesele cet\u0103\u021benilor. \u00cen aceste condi\u021bii, parlamentarii au declarat protest \u0219i sus\u021bin c\u0103 vor continu lupta pentru legalitate, dreptate \u0219i libertatea \u021b\u0103rii noastre. Deciziile nu sunt luate \u00een interesul poporului, ci pentru a servi unui grup restr\u00e2ns de persoane care se aga\u021b\u0103 de putere, au precizat deputa\u021bii grupului parlamentar \u201eVictorie\u201d.<\/strong><br \/>\n<iframe loading=\"lazy\" title=\"YouTube video player\" src=\"https:\/\/www.youtube.com\/embed\/WxrYJ2FtatY?si=2nCWiJyXkIgIP3Xl\" width=\"560\" height=\"315\" frameborder=\"0\" allowfullscreen=\"allowfullscreen\"><\/iframe><\/p>\n<p>Potrivit unui comunicat de pres\u0103 al Blocului Politic \u201eVictorie\u201d, deputa\u021bii au luat decizia de a nu participa la \u0219edin\u021ba \u00een plen a Parlamentului din 6 martie, din motiv c\u0103 majoritatea PAS a \u00eencetat s\u0103-\u0219i mai \u00eendeplineasc\u0103 obliga\u021biile fa\u021b\u0103 de cet\u0103\u021benii Republicii Moldova. Ace\u0219tia sus\u021bin c\u0103 toate ini\u021biativele lor sociale, menite s\u0103 \u00eembun\u0103t\u0103\u021beasc\u0103 via\u021ba moldovenilor, sunt ignorate de deputa\u021bii Partidului Ac\u021biune \u0219i Solidaritate, ace\u0219tia cre\u00e2ndu\u0219i propria lor ordine de zi.<\/p>\n<p>\u201d\u00cen ultimele zile, am fost cu to\u021bii martorii intensific\u0103rii presiunilor asupra opozi\u021biei, abuzului total de resurse administrative \u0219i a justi\u021biei de buzunar, care serve\u0219te exclusiv intereselor puterii. \u00cen \u021bar\u0103 s-a instaurat un regim de persecu\u021bie politic\u0103. Structurile de for\u021b\u0103, instan\u021bele \u0219i institu\u021biile statului nu sunt folosite pentru protejarea cet\u0103\u021benilor, ci pentru reprimarea celor care nu sunt de acord cu actualul regim. Reprezentan\u021bii<\/p>\n<p>blocului \u201eVictorie\u201d sunt supu\u0219i unei presiuni f\u0103r\u0103 precedent, intimid\u0103rilor \u0219i represiunilor ilegale. Moldova a fost capturat\u0103 de uzurpatori care distrug democra\u021bia, libertatea de exprimare \u0219i justi\u021bia. Deciziile nu sunt luate \u00een interesul poporului, ci pentru a servi unui grup restr\u00e2ns de persoane care se aga\u021b\u0103 de putere. Ordinea de zi a \u0219edin\u021bei de ast\u0103zi, cu rare excep\u021bii, nu are nicio leg\u0103tur\u0103 cu interesele cet\u0103\u021benilor. \u00cen aceste condi\u021bii, ne declar\u0103m protestul \u0219i continu\u0103m lupta pentru legalitate, dreptate \u0219i libertatea \u021b\u0103rii noastre\u201d, au men\u021bionat ale\u0219ii poporului \u00eentr-un comunicat de pres\u0103.<\/p>\n<p>Preciz\u0103m c\u0103, \u00een ultima perioad\u0103 majoritatea parlamentar\u0103 PAS respinge aproape toate ini\u021biativele opozi\u021biei din parlament, nefiind de acord nici m\u0103car s\u0103 le includ\u0103 pe ordinea de zi. \u00cen acest context, Asocia\u021bia Promo-Lex, care monitorizeaz\u0103 activitatea legislativului, a declarat \u00een repetate r\u00e2nduri c\u0103 majoritatea parlamentar\u0103 restr\u00e2nge drepturile colegilor s\u0103i din opozi\u021bie \u0219i \u00eencalc\u0103 regulamentele parlamentare. Astfel, conform Regulamentului, ini\u021biativele frac\u021biunilor parlamentare de opozi\u021bie, precum \u0219i ale deputa\u021bilor din opozi\u021bie f\u0103r\u0103 partid, au prioritate \u00een formarea ordinii de zi a primei \u0219edin\u021be plenare din fiecare a \u0219asea s\u0103pt\u0103m\u00e2n\u0103 de la \u00eenceputul sesiunii parlamentare. \u201e\u00cen timpul sesiunilor parlamentare ar trebui s\u0103 fie organizate dou\u0103-trei \u0219edin\u021be dedicate proiectelor opozi\u021biei, dar, din p\u0103cate, acest lucru nu se \u00eent\u00e2mpl\u0103\u201d, a declarat Promo-LEX \u00eentr- unul din rapoartele sale.<\/p>\n<\/div>\n","protected":false},"excerpt":{"rendered":"<div><img loading=\"lazy\" decoding=\"async\" width=\"696\" height=\"319\" src=\"https:\/\/canal5.md\/wp-content\/uploads\/2025\/03\/2ro_pobeda-bajkot-e1741265744810-1024x469-optimized.jpg\" class=\"attachment-large size-large wp-post-image\" alt=\"\" srcset=\"https:\/\/canal5.md\/wp-content\/uploads\/2025\/03\/2ro_pobeda-bajkot-e1741265744810-1024x469-optimized.jpg 1024w, https:\/\/canal5.md\/wp-content\/uploads\/2025\/03\/2ro_pobeda-bajkot-e1741265744810-300x137-optimized.jpg 300w, https:\/\/canal5.md\/wp-content\/uploads\/2025\/03\/2ro_pobeda-bajkot-e1741265744810-768x352-optimized.jpg 768w, https:\/\/canal5.md\/wp-content\/uploads\/2025\/03\/2ro_pobeda-bajkot-e1741265744810-1536x703-optimized.jpg 1536w, https:\/\/canal5.md\/wp-content\/uploads\/2025\/03\/2ro_pobeda-bajkot-e1741265744810-696x319-optimized.jpg 696w, https:\/\/canal5.md\/wp-content\/uploads\/2025\/03\/2ro_pobeda-bajkot-e1741265744810-1068x489-optimized.jpg 1068w, https:\/\/canal5.md\/wp-content\/uploads\/2025\/03\/2ro_pobeda-bajkot-e1741265744810-optimized.jpg 1712w\">Deputa\u021bii grupului parlamentar \u201eVictorie\u201d boicoteaz\u0103 \u0219edin\u021ba de Parlamentului de joi, 6 martie. Potrivit acestora, ordinea de zi a Legislativului, cu rare excep\u021bii, nu are nicio leg\u0103tur\u0103 cu interesele cet\u0103\u021benilor. \u00cen aceste condi\u021bii, parlamentarii au declarat protest \u0219i sus\u021bin c\u0103 vor continu lupta pentru legalitate, dreptate \u0219i libertatea \u021b\u0103rii noastre. Deciziile nu sunt luate \u00een interesul [\u2026]<\/div>\n","protected":false},"author":1,"featured_media":68547,"comment_status":"closed","ping_status":"closed","sticky":false,"template":"","format":"standard","meta":{"jnews-multi-image_gallery":[],"jnews_single_post":[],"jnews_primary_category":[],"jnews_social_meta":[],"jnews_override_counter":[],"footnotes":""},"categories":[23],"tags":[],"class_list":["post-68546","post","type-post","status-publish","format-standard","has-post-thumbnail","hentry","category-politica_ro"],"_links":{"self":[{"href":"https:\/\/orheifm.live\/index.php\/wp-json\/wp\/v2\/posts\/68546","targetHints":{"allow":["GET"]}}],"collection":[{"href":"https:\/\/orheifm.live\/index.php\/wp-json\/wp\/v2\/posts"}],"about":[{"href":"https:\/\/orheifm.live\/index.php\/wp-json\/wp\/v2\/types\/post"}],"author":[{"embeddable":true,"href":"https:\/\/orheifm.live\/index.php\/wp-json\/wp\/v2\/users\/1"}],"replies":[{"embeddable":true,"href":"https:\/\/orheifm.live\/index.php\/wp-json\/wp\/v2\/comments?post=68546"}],"version-history":[{"count":0,"href":"https:\/\/orheifm.live\/index.php\/wp-json\/wp\/v2\/posts\/68546\/revisions"}],"wp:featuredmedia":[{"embeddable":true,"href":"https:\/\/orheifm.live\/index.php\/wp-json\/wp\/v2\/media\/68547"}],"wp:attachment":[{"href":"https:\/\/orheifm.live\/index.php\/wp-json\/wp\/v2\/media?parent=68546"}],"wp:term":[{"taxonomy":"category","embeddable":true,"href":"https:\/\/orheifm.live\/index.php\/wp-json\/wp\/v2\/categories?post=68546"},{"taxonomy":"post_tag","embeddable":true,"href":"https:\/\/orheifm.live\/index.php\/wp-json\/wp\/v2\/tags?post=68546"}],"curies":[{"name":"wp","href":"https:\/\/api.w.org\/{rel}","templated":true}]}}