{"id":68544,"date":"2025-03-06T14:58:34","date_gmt":"2025-03-06T12:58:34","guid":{"rendered":"https:\/\/orheifm.live\/index.php\/2025\/03\/06\/procesul-evgheniei-gutul-si-svetlanei-popan-continua-fara-dovezi-bascanul-ameninta-cu-procese-impotriva-mass-mediei-pro-guvernamentale\/"},"modified":"2025-03-06T14:58:34","modified_gmt":"2025-03-06T12:58:34","slug":"procesul-evgheniei-gutul-si-svetlanei-popan-continua-fara-dovezi-bascanul-ameninta-cu-procese-impotriva-mass-mediei-pro-guvernamentale","status":"publish","type":"post","link":"https:\/\/orheifm.live\/index.php\/2025\/03\/06\/procesul-evgheniei-gutul-si-svetlanei-popan-continua-fara-dovezi-bascanul-ameninta-cu-procese-impotriva-mass-mediei-pro-guvernamentale\/","title":{"rendered":"Procesul Evgheniei Gu\u021bul \u0219i Svetlanei Popan continu\u0103 f\u0103r\u0103 dovezi, Ba\u0219canul amenin\u021b\u0103 cu procese \u00eempotriva mass-mediei pro-guvernamentale"},"content":{"rendered":"<div>\n<p><strong>\u0218edin\u021bele de judecat\u0103 \u00een dosarul ba\u0219canului G\u0103g\u0103uziei, Evghenia Gu\u021bul, \u0219i activistei Svetlana Popan, acuzate de complicitate la finan\u021barea ilegal\u0103 a partidului interzis \u201e\u015eOR\u201d, continu\u0103, \u00eens\u0103 formatul acestora nu se schimb\u0103. Potrivit \u0219efei Autonomiei G\u0103g\u0103uze, nici la aceast\u0103 \u00eentrunire a fost prezentate careva dovezi care ar demonstra at\u00e2t vinov\u0103\u021bia sa, c\u00e2t \u0219i a colegei sale. Mai mult, Gu\u021bul a men\u021bionat c\u0103 va ataca \u00een judecat\u0103 unele publica\u021bii pro-guvernamentale care au r\u0103sp\u00e2ndit informa\u021bii \u00eencerc\u00e2nd s\u0103 o prezinte vinovat\u0103.<\/strong><br \/>\n<iframe loading=\"lazy\" title=\"YouTube video player\" src=\"https:\/\/www.youtube.com\/embed\/uqk9INmaqzI?si=wQ3bCMmE5HytMJz_\" width=\"560\" height=\"315\" frameborder=\"0\" allowfullscreen=\"allowfullscreen\"><\/iframe><\/p>\n<p>Procesul \u00een care sunt implicate Evghenia Gu\u021bul, ba\u0219canul G\u0103g\u0103uziei, \u0219i activista Svetlana Popan continu\u0103 s\u0103 ridice \u00eentreb\u0103ri serioase at\u00e2t \u00een ceea ce prive\u0219te transparen\u021ba, c\u00e2t \u0219i motiva\u021biile din spatele acuza\u021biilor. \u0218i asta pentru c\u0103 nici la \u0219edin\u021ba de joi, presa nu a fost l\u0103sat\u0103 s\u0103 filmeze \u00een sala de judecat\u0103, iar materialele, prezentate drept probe, nu le demonstreaz\u0103 vinov\u0103\u021bia. O spune guvernatoarea. \u00cen plus, Evghenia Gu\u021bul a calificat total fals\u0103 informa\u021bia publicat\u0103 de mass-media pro-guvernamental\u0103, precum c\u0103 documentele aduse ca dovezi ar confirma implicarea ei \u00een cele incriminate \u0219i declar\u0103 c\u0103 \u00ee\u0219i va proba adev\u0103rul \u00een instan\u021b\u0103.<\/p>\n<p>(SNC EA RU EVGHENIA GU\u021aUL, ba\u0219canul G\u0103g\u0103uziei 02.39-03.52 Vreau s\u0103 spun c\u0103 sunt unele publica\u021bii pro-<\/p>\n<p>guvernamentale care \u00eencearc\u0103 dup\u0103 fiecare \u0219edin\u021b\u0103 s\u0103 m\u0103 prezinte vinovat\u0103, dar \u00eemi rezerv dreptul de a le da \u00een judecat\u0103. La \u0219edin\u021ba trecut\u0103 au r\u0103sp\u00e2ndit informa\u021bii conform c\u0103rora videoclipul ar confirma vinov\u0103\u021bia mea, dar nu au prezentat dovezi. Toate aceste specula\u021bii din partea PAS prin care \u00eencearc\u0103 s\u0103 m\u0103 \u00eenvinov\u0103\u021beasc\u0103 pe mine \u0219i colega mea se vor \u00eentoarce \u00eempotriva lor, \u00een cur\u00e2nd, pentru c\u0103 noi suntem siguri \u00een nevinov\u0103\u021bia noastr\u0103.)<\/p>\n<p>(BETA) S\u0103 o sus\u021bin\u0103 pe Evghenia Gu\u021bul \u0219i Svetlana Popan, ca \u00eentotdeauna, au venit colegii, reprezentan\u021bi ai blocului \u201eVictorie\u201d, dar \u0219i simpatizan\u021bi. Oamenii au scandat: \u201dEvghenia, suntem cu tine\u201d \u0219i \u201dVictorie\u201d. Activistul Ivan Stamov sus\u021bine c\u0103 puterea actual\u0103, nicidecum nu vrea s\u0103-i ofere lini\u0219te ba\u0219canului ca sa-\u0219i fac\u0103 munca, s\u0103 munceasc\u0103 pentru oameni, pentru c\u0103 \u00een locul acestor ore pe care le petrece aici, ar fi putut adune beneficii G\u0103g\u0103uziei.<\/p>\n<p>\u00a0<\/p>\n<p>IVAN STAMOV, activist civic<\/p>\n<p>Am venit din nou pentru a o sus\u021bine pe ba\u0219canul G\u0103g\u0103uziei, Evghenia Gu\u021bul, care de c\u00e2teva ori pe s\u0103pt\u0103m\u00e2n\u0103 este nevoit\u0103 s\u0103 p\u0103r\u0103seasc\u0103 locul de munc\u0103 \u0219i s\u0103 c\u0103l\u0103toreasc\u0103 la Chi\u0219in\u0103u pentru a participa la \u0219edin\u021bele de judecat\u0103, unde este acuzat\u0103 de a\u0219a-zisa corup\u021bie politic\u0103. Dup\u0103 discursul de ieri al pre\u0219edintelui SUA, Donald Trump, \u00een Congres, a devenit clar c\u0103 actuala putere din Moldova a fost finan\u021bat\u0103 din str\u0103in\u0103tate, inclusiv pentru alegerile preziden\u021biale \u0219i referendum. De aceea, dup\u0103 p\u0103rerea mea, pe banca acuza\u021bilor \u00een cazul de corup\u021bie politic\u0103 ar trebui s\u0103 stea cu totul alte persoane \u2013 cei care sunt ast\u0103zi \u00een pre\u0219edin\u021bie, parlament \u0219i guvern.<\/p>\n<p>Evghenia Gu\u021bul a mai men\u021bionat c\u0103, \u00een aceast\u0103 zi, \u00een urm\u0103 cu un an, a avut o \u00eentrevedere cu pre\u0219edintele Rusiei, Vladimir Putin, dup\u0103 care \u00een G\u0103g\u0103uzia au fost realizate o serie de proiecte importante cu sus\u021binerea Kremlinului \u0219i asta \u00een pofida intensific\u0103rii presiunilor din partea actualei guvern\u0103ri. Iar, pentru suportul constant oferit locuitorilor regiunii, ba\u0219canul a mul\u021bimit liderului Blocului \u201eVictorie\u201d Ilan \u0218or care este omagiat \u00een data de 6 martie.<\/p>\n<p>EVGHENIA GU\u021aUL, ba\u0219canul G\u0103g\u0103uziei<\/p>\n<p>Voi profita de moment, vreau s\u0103 \u00eel felicit pe Ilan Mironovici \u00eenc\u0103 o data cu ziua de na\u0219tere, s\u0103-i urez s\u0103n\u0103tate, realiz\u0103ri, ceea ce el are, dar ca acestea s\u0103 se \u00eenmul\u021beasc\u0103 \u0219i desigur s\u0103-i mul\u021bumesc din partea Automiei G\u0103g\u0103uze pentru c\u0103 el este \u00eentotdeauna cu noi \u0219i ne ajut\u0103 indiferent c\u00e2t este de greu, mereu este al\u0103turi de noi.<\/p>\n<p>Preciz\u0103m c\u0103, potrivit deciziei judec\u0103torului, Evghenia Gu\u021bul \u0219i Svetlana Popan trebuie s\u0103 se prezinte la \u0219edin\u021be de patru ori pe s\u0103pt\u0103m\u00e2n\u0103. Urm\u0103toarea \u0219edin\u021b\u0103 de judecat\u0103 va avea loc vineri, 7 martie. Eugenia Gu\u021bul \u0219i Svetlana Popan sunt judecate pentru complicitate la finan\u021barea ilegal\u0103 a unui partid politic. Ele resping acuza\u021biile care li se aduc, numind dosarul penal unul de natur\u0103 politic\u0103. Gu\u021bul afirm\u0103 c\u0103 \u00eentreaga procedur\u0103 este un atac la adresa sa \u0219i c\u0103 este victim\u0103 a unei campanii de discreditare, care are scopul de a o limita \u00een a-\u0219i \u00eendeplini atribu\u021biile func\u021biei, a\u0219a cum o parte semnificativ\u0103 a timpului s\u0103u \u00eel dedic\u0103 instan\u021belor de judecat\u0103. Procurorii se ab\u021bin de la comentarii.<\/p>\n<\/div>\n","protected":false},"excerpt":{"rendered":"<div><img decoding=\"async\" width=\"696\" height=\"306\" src=\"https:\/\/canal5.md\/wp-content\/uploads\/2025\/03\/3ro_guczul-zasedanie-e1741265789475-1024x450-optimized.jpg\" class=\"attachment-large size-large wp-post-image\" alt=\"\" loading=\"lazy\" srcset=\"https:\/\/canal5.md\/wp-content\/uploads\/2025\/03\/3ro_guczul-zasedanie-e1741265789475-1024x450-optimized.jpg 1024w, https:\/\/canal5.md\/wp-content\/uploads\/2025\/03\/3ro_guczul-zasedanie-e1741265789475-300x132-optimized.jpg 300w, https:\/\/canal5.md\/wp-content\/uploads\/2025\/03\/3ro_guczul-zasedanie-e1741265789475-768x337-optimized.jpg 768w, https:\/\/canal5.md\/wp-content\/uploads\/2025\/03\/3ro_guczul-zasedanie-e1741265789475-1536x674-optimized.jpg 1536w, https:\/\/canal5.md\/wp-content\/uploads\/2025\/03\/3ro_guczul-zasedanie-e1741265789475-696x306-optimized.jpg 696w, https:\/\/canal5.md\/wp-content\/uploads\/2025\/03\/3ro_guczul-zasedanie-e1741265789475-1068x469-optimized.jpg 1068w, https:\/\/canal5.md\/wp-content\/uploads\/2025\/03\/3ro_guczul-zasedanie-e1741265789475-optimized.jpg 1754w\">\u0218edin\u021bele de judecat\u0103 \u00een dosarul ba\u0219canului G\u0103g\u0103uziei, Evghenia Gu\u021bul, \u0219i activistei Svetlana Popan, acuzate de complicitate la finan\u021barea ilegal\u0103 a partidului interzis \u201e\u015eOR\u201d, continu\u0103, \u00eens\u0103 formatul acestora nu se schimb\u0103. Potrivit \u0219efei Autonomiei G\u0103g\u0103uze, nici la aceast\u0103 \u00eentrunire a fost prezentate careva dovezi care ar demonstra at\u00e2t vinov\u0103\u021bia sa, c\u00e2t \u0219i a colegei sale. Mai [\u2026]<\/div>\n","protected":false},"author":1,"featured_media":68545,"comment_status":"closed","ping_status":"closed","sticky":false,"template":"","format":"standard","meta":{"jnews-multi-image_gallery":[],"jnews_single_post":[],"jnews_primary_category":[],"jnews_social_meta":[],"jnews_override_counter":[],"footnotes":""},"categories":[23],"tags":[],"class_list":["post-68544","post","type-post","status-publish","format-standard","has-post-thumbnail","hentry","category-politica_ro"],"_links":{"self":[{"href":"https:\/\/orheifm.live\/index.php\/wp-json\/wp\/v2\/posts\/68544","targetHints":{"allow":["GET"]}}],"collection":[{"href":"https:\/\/orheifm.live\/index.php\/wp-json\/wp\/v2\/posts"}],"about":[{"href":"https:\/\/orheifm.live\/index.php\/wp-json\/wp\/v2\/types\/post"}],"author":[{"embeddable":true,"href":"https:\/\/orheifm.live\/index.php\/wp-json\/wp\/v2\/users\/1"}],"replies":[{"embeddable":true,"href":"https:\/\/orheifm.live\/index.php\/wp-json\/wp\/v2\/comments?post=68544"}],"version-history":[{"count":0,"href":"https:\/\/orheifm.live\/index.php\/wp-json\/wp\/v2\/posts\/68544\/revisions"}],"wp:featuredmedia":[{"embeddable":true,"href":"https:\/\/orheifm.live\/index.php\/wp-json\/wp\/v2\/media\/68545"}],"wp:attachment":[{"href":"https:\/\/orheifm.live\/index.php\/wp-json\/wp\/v2\/media?parent=68544"}],"wp:term":[{"taxonomy":"category","embeddable":true,"href":"https:\/\/orheifm.live\/index.php\/wp-json\/wp\/v2\/categories?post=68544"},{"taxonomy":"post_tag","embeddable":true,"href":"https:\/\/orheifm.live\/index.php\/wp-json\/wp\/v2\/tags?post=68544"}],"curies":[{"name":"wp","href":"https:\/\/api.w.org\/{rel}","templated":true}]}}