{"id":68542,"date":"2025-03-06T14:51:42","date_gmt":"2025-03-06T12:51:42","guid":{"rendered":"https:\/\/orheifm.live\/index.php\/2025\/03\/06\/scandal-in-armata-nationala-ministerul-apararii-investigheaza-descoperirea-drogurilor-dar-refuza-sa-ofere-detalii\/"},"modified":"2025-03-06T14:51:42","modified_gmt":"2025-03-06T12:51:42","slug":"scandal-in-armata-nationala-ministerul-apararii-investigheaza-descoperirea-drogurilor-dar-refuza-sa-ofere-detalii","status":"publish","type":"post","link":"https:\/\/orheifm.live\/index.php\/2025\/03\/06\/scandal-in-armata-nationala-ministerul-apararii-investigheaza-descoperirea-drogurilor-dar-refuza-sa-ofere-detalii\/","title":{"rendered":"Scandal \u00een armata na\u021bional\u0103: Ministerul Ap\u0103r\u0103rii investigheaz\u0103 descoperirea drogurilor, dar refuz\u0103 s\u0103 ofere detalii"},"content":{"rendered":"<div>\n<p><strong>Scandal \u00een armata na\u021bional\u0103. \u00cen una dintre unit\u0103\u021bile militare au fost depistate droguri. Ministerul Ap\u0103r\u0103rii nu a oferit detalii precise cu privire la loca\u021bia exact\u0103 a incidentului, dar a men\u021bionat c\u0103 persoana suspectat\u0103 a fost re\u021binut\u0103 pentru 72 de ore. Canal 5 a contactat purt\u0103torul de cuv\u00e2nt al institu\u021biei pentru informa\u021bii cu privire la circumstan\u021bele descoperirii, identitatea suspectului \u2013 soldat, ofi\u021ber sau civil, substan\u021bele interzise g\u0103site \u0219i cantitatea acestora, dar Ala Diaconu a spus c\u0103, deocamdat\u0103, nu are mai multe detalii.<\/strong><br \/>\n<iframe loading=\"lazy\" title=\"YouTube video player\" src=\"https:\/\/www.youtube.com\/embed\/W2VI36wyebg?si=lNiZSjnKuohOkSG2\" width=\"560\" height=\"315\" frameborder=\"0\" allowfullscreen=\"allowfullscreen\"><\/iframe><\/p>\n<p>Reprezentantul ministerului nu a putut r\u0103spunde nici la \u00eentrebarea despre cum a fost posibil ca substan\u021bele interzise s\u0103 ajung\u0103 pe teritoriul unui obiectiv cu regim special \u0219i dac\u0103 au existat cazuri similare \u00een trecut.<\/p>\n<p>Totodat\u0103, Ala Diaconu a subliniat c\u0103 detaliile incidentului, despre care s-a anun\u021bat pe 6 martie, vor deveni publice doar dup\u0103 \u00eencheierea anchetei, care a demarat. Ministerul ap\u0103r\u0103rii a mai informat despre cooperarea cu autorit\u0103\u021bile competente pentru a stabili toate circumstan\u021bele acestui caz \u0219i a subliniat c\u0103, condamn\u0103 orice activitate ilegal\u0103. P\u00e2n\u0103 \u00een prezent, nu exist\u0103 comentarii din partea ministrului ap\u0103r\u0103rii, Anatolie Nosat\u00eei. \u00centre timp, incidentul scandalos ridic\u0103 \u00eentreb\u0103ri serioase despre securitatea \u0219i controlul \u00een cadrul armatei.<\/p>\n<\/div>\n","protected":false},"excerpt":{"rendered":"<div><img decoding=\"async\" width=\"696\" height=\"393\" src=\"https:\/\/canal5.md\/wp-content\/uploads\/2025\/03\/61660f49d75c842f259cc433eb4588ef-optimized.jpg\" class=\"attachment-large size-large wp-post-image\" alt=\"\" loading=\"lazy\" srcset=\"https:\/\/canal5.md\/wp-content\/uploads\/2025\/03\/61660f49d75c842f259cc433eb4588ef-optimized.jpg 808w, https:\/\/canal5.md\/wp-content\/uploads\/2025\/03\/61660f49d75c842f259cc433eb4588ef-300x169-optimized.jpg 300w, https:\/\/canal5.md\/wp-content\/uploads\/2025\/03\/61660f49d75c842f259cc433eb4588ef-768x433-optimized.jpg 768w, https:\/\/canal5.md\/wp-content\/uploads\/2025\/03\/61660f49d75c842f259cc433eb4588ef-696x393-optimized.jpg 696w\">Scandal \u00een armata na\u021bional\u0103. \u00cen una dintre unit\u0103\u021bile militare au fost depistate droguri. Ministerul Ap\u0103r\u0103rii nu a oferit detalii precise cu privire la loca\u021bia exact\u0103 a incidentului, dar a men\u021bionat c\u0103 persoana suspectat\u0103 a fost re\u021binut\u0103 pentru 72 de ore. Canal 5 a contactat purt\u0103torul de cuv\u00e2nt al institu\u021biei pentru informa\u021bii cu privire la circumstan\u021bele [\u2026]<\/div>\n","protected":false},"author":1,"featured_media":68543,"comment_status":"closed","ping_status":"closed","sticky":false,"template":"","format":"standard","meta":{"jnews-multi-image_gallery":[],"jnews_single_post":[],"jnews_primary_category":[],"jnews_social_meta":[],"jnews_override_counter":[],"footnotes":""},"categories":[23],"tags":[],"class_list":["post-68542","post","type-post","status-publish","format-standard","has-post-thumbnail","hentry","category-politica_ro"],"_links":{"self":[{"href":"https:\/\/orheifm.live\/index.php\/wp-json\/wp\/v2\/posts\/68542","targetHints":{"allow":["GET"]}}],"collection":[{"href":"https:\/\/orheifm.live\/index.php\/wp-json\/wp\/v2\/posts"}],"about":[{"href":"https:\/\/orheifm.live\/index.php\/wp-json\/wp\/v2\/types\/post"}],"author":[{"embeddable":true,"href":"https:\/\/orheifm.live\/index.php\/wp-json\/wp\/v2\/users\/1"}],"replies":[{"embeddable":true,"href":"https:\/\/orheifm.live\/index.php\/wp-json\/wp\/v2\/comments?post=68542"}],"version-history":[{"count":0,"href":"https:\/\/orheifm.live\/index.php\/wp-json\/wp\/v2\/posts\/68542\/revisions"}],"wp:featuredmedia":[{"embeddable":true,"href":"https:\/\/orheifm.live\/index.php\/wp-json\/wp\/v2\/media\/68543"}],"wp:attachment":[{"href":"https:\/\/orheifm.live\/index.php\/wp-json\/wp\/v2\/media?parent=68542"}],"wp:term":[{"taxonomy":"category","embeddable":true,"href":"https:\/\/orheifm.live\/index.php\/wp-json\/wp\/v2\/categories?post=68542"},{"taxonomy":"post_tag","embeddable":true,"href":"https:\/\/orheifm.live\/index.php\/wp-json\/wp\/v2\/tags?post=68542"}],"curies":[{"name":"wp","href":"https:\/\/api.w.org\/{rel}","templated":true}]}}