{"id":68538,"date":"2025-03-06T14:00:50","date_gmt":"2025-03-06T12:00:50","guid":{"rendered":"https:\/\/orheifm.live\/index.php\/2025\/03\/06\/alexei-taran-noul-director-general-al-anre-investit-de-parlament\/"},"modified":"2025-03-06T14:00:50","modified_gmt":"2025-03-06T12:00:50","slug":"alexei-taran-noul-director-general-al-anre-investit-de-parlament","status":"publish","type":"post","link":"https:\/\/orheifm.live\/index.php\/2025\/03\/06\/alexei-taran-noul-director-general-al-anre-investit-de-parlament\/","title":{"rendered":"Alexei Taran, noul director general al ANRE, \u00eenvestit de Parlament"},"content":{"rendered":"<div>\n<p><strong>Alexei Taran a fost \u00eenvestit \u00een func\u021bia de director general al Consiliului de administra\u021bie al Agen\u021biei Na\u021bionale pentru Reglementare \u00een Energetic\u0103 (ANRE) de c\u0103tre Parlament.<\/strong><\/p>\n<p>Candidatura sa a fost sus\u021binut\u0103 de 56 de deputa\u021bi PAS \u00een \u0219edin\u021ba din 6 martie 2025. Taran face parte din Consiliul de administra\u021bie al ANRE din martie 2022 \u0219i are o vast\u0103 experien\u021b\u0103 \u00een domeniul privat, activ\u00e2nd \u00een companii din Republica Moldova \u0219i Rom\u00e2nia. Nominalizarea sa a avut loc dup\u0103 expirarea mandatului lui Veaceslav Untila.<\/p>\n<p>Conform legisla\u021biei, directorul general al ANRE este ales din r\u00e2ndul celor cinci directori ai Consiliului de administra\u021bie, \u00een baza experien\u021bei \u00een sectoarele reglementate de ANRE \u0219i a abilit\u0103\u021bii de conducere.<\/p>\n<\/div>\n","protected":false},"excerpt":{"rendered":"<div><img loading=\"lazy\" decoding=\"async\" width=\"696\" height=\"392\" src=\"https:\/\/canal5.md\/wp-content\/uploads\/2025\/03\/53c1cfc408b6718ec59357ae02cf94ae52af222c2a9151e2ccdaedfe5d0377b8-optimized.png\" class=\"attachment-large size-large wp-post-image\" alt=\"\" srcset=\"https:\/\/canal5.md\/wp-content\/uploads\/2025\/03\/53c1cfc408b6718ec59357ae02cf94ae52af222c2a9151e2ccdaedfe5d0377b8-optimized.png 800w, https:\/\/canal5.md\/wp-content\/uploads\/2025\/03\/53c1cfc408b6718ec59357ae02cf94ae52af222c2a9151e2ccdaedfe5d0377b8-300x169-optimized.png 300w, https:\/\/canal5.md\/wp-content\/uploads\/2025\/03\/53c1cfc408b6718ec59357ae02cf94ae52af222c2a9151e2ccdaedfe5d0377b8-768x432-optimized.png 768w, https:\/\/canal5.md\/wp-content\/uploads\/2025\/03\/53c1cfc408b6718ec59357ae02cf94ae52af222c2a9151e2ccdaedfe5d0377b8-696x392-optimized.png 696w\">Alexei Taran a fost \u00eenvestit \u00een func\u021bia de director general al Consiliului de administra\u021bie al Agen\u021biei Na\u021bionale pentru Reglementare \u00een Energetic\u0103 (ANRE) de c\u0103tre Parlament. Candidatura sa a fost sus\u021binut\u0103 de 56 de deputa\u021bi PAS \u00een \u0219edin\u021ba din 6 martie 2025. Taran face parte din Consiliul de administra\u021bie al ANRE din martie 2022 \u0219i are [\u2026]<\/div>\n","protected":false},"author":1,"featured_media":68539,"comment_status":"closed","ping_status":"closed","sticky":false,"template":"","format":"standard","meta":{"jnews-multi-image_gallery":[],"jnews_single_post":[],"jnews_primary_category":[],"jnews_social_meta":[],"jnews_override_counter":[],"footnotes":""},"categories":[30],"tags":[],"class_list":["post-68538","post","type-post","status-publish","format-standard","has-post-thumbnail","hentry","category-social_ro"],"_links":{"self":[{"href":"https:\/\/orheifm.live\/index.php\/wp-json\/wp\/v2\/posts\/68538","targetHints":{"allow":["GET"]}}],"collection":[{"href":"https:\/\/orheifm.live\/index.php\/wp-json\/wp\/v2\/posts"}],"about":[{"href":"https:\/\/orheifm.live\/index.php\/wp-json\/wp\/v2\/types\/post"}],"author":[{"embeddable":true,"href":"https:\/\/orheifm.live\/index.php\/wp-json\/wp\/v2\/users\/1"}],"replies":[{"embeddable":true,"href":"https:\/\/orheifm.live\/index.php\/wp-json\/wp\/v2\/comments?post=68538"}],"version-history":[{"count":0,"href":"https:\/\/orheifm.live\/index.php\/wp-json\/wp\/v2\/posts\/68538\/revisions"}],"wp:featuredmedia":[{"embeddable":true,"href":"https:\/\/orheifm.live\/index.php\/wp-json\/wp\/v2\/media\/68539"}],"wp:attachment":[{"href":"https:\/\/orheifm.live\/index.php\/wp-json\/wp\/v2\/media?parent=68538"}],"wp:term":[{"taxonomy":"category","embeddable":true,"href":"https:\/\/orheifm.live\/index.php\/wp-json\/wp\/v2\/categories?post=68538"},{"taxonomy":"post_tag","embeddable":true,"href":"https:\/\/orheifm.live\/index.php\/wp-json\/wp\/v2\/tags?post=68538"}],"curies":[{"name":"wp","href":"https:\/\/api.w.org\/{rel}","templated":true}]}}