{"id":68534,"date":"2025-03-06T13:40:35","date_gmt":"2025-03-06T11:40:35","guid":{"rendered":"https:\/\/orheifm.live\/index.php\/2025\/03\/06\/doi-tineri-retinuti-pentru-jafuri-stradale-in-centrul-chisinaului\/"},"modified":"2025-03-06T13:40:35","modified_gmt":"2025-03-06T11:40:35","slug":"doi-tineri-retinuti-pentru-jafuri-stradale-in-centrul-chisinaului","status":"publish","type":"post","link":"https:\/\/orheifm.live\/index.php\/2025\/03\/06\/doi-tineri-retinuti-pentru-jafuri-stradale-in-centrul-chisinaului\/","title":{"rendered":"Doi tineri re\u021binu\u021bi pentru jafuri stradale \u00een centrul Chi\u0219in\u0103ului"},"content":{"rendered":"<div>\n<p data-start=\"69\" data-end=\"373\"><strong>Doi tineri, cu v\u00e2rste de 17 \u0219i 20 de ani, originari din raioanele Nisporeni \u0219i Cahul, au fost re\u021binu\u021bi de angaja\u021bii Batalionului de patrulare \u0219i reac\u021bionare operativ\u0103 (BPRO) al Direc\u021biei de Poli\u021bie Chi\u0219in\u0103u, dup\u0103 ce ar fi comis dou\u0103 jafuri stradale \u00eentr-o singur\u0103 noapte, \u00een sectorul Centru al capitalei.<\/strong><\/p>\n<p data-start=\"375\" data-end=\"721\">\u00cen primul caz, suspec\u021bii au atacat un b\u0103rbat de 51 de ani, aplic\u00e2ndu-i mai multe lovituri, iar ulterior i-au furat telefonul, actele, cardurile bancare \u0219i portmoneul, cauz\u00e2nd un prejudiciu de aproximativ 15.000 de lei. \u00cen al doilea caz, la c\u00e2teva ore distan\u021b\u0103, ace\u0219tia au sustras o chitar\u0103 \u00een valoare de 7.500 de lei de la un b\u0103rbat de 35 de ani.<\/p>\n<p data-start=\"723\" data-end=\"935\">Ofi\u021berii Inspectoratului Centru au reu\u0219it s\u0103 recupereze bunurile \u0219i urmeaz\u0103 s\u0103 le returneze victimelor. Unul dintre suspec\u021bi a fost re\u021binut pentru 72 de ore, iar minorul este cercetat penal \u00een stare de libertate.<\/p>\n<p data-start=\"937\" data-end=\"1076\" data-is-last-node=\"\" data-is-only-node=\"\">Cei doi nu sunt la prima abatere de la lege, iar conform legisla\u021biei \u00een vigoare, faptele lor sunt pedepsite cu \u00eenchisoare de la 5 la 7 ani.<\/p>\n<\/div>\n","protected":false},"excerpt":{"rendered":"<div><img loading=\"lazy\" decoding=\"async\" width=\"696\" height=\"415\" src=\"https:\/\/canal5.md\/wp-content\/uploads\/2025\/03\/snimok-ekrana-2025-03-06-120609-1024x611-optimized.png\" class=\"attachment-large size-large wp-post-image\" alt=\"\" srcset=\"https:\/\/canal5.md\/wp-content\/uploads\/2025\/03\/snimok-ekrana-2025-03-06-120609-1024x611-optimized.png 1024w, https:\/\/canal5.md\/wp-content\/uploads\/2025\/03\/snimok-ekrana-2025-03-06-120609-300x179-optimized.png 300w, https:\/\/canal5.md\/wp-content\/uploads\/2025\/03\/snimok-ekrana-2025-03-06-120609-768x458-optimized.png 768w, https:\/\/canal5.md\/wp-content\/uploads\/2025\/03\/snimok-ekrana-2025-03-06-120609-696x415-optimized.png 696w, https:\/\/canal5.md\/wp-content\/uploads\/2025\/03\/snimok-ekrana-2025-03-06-120609-1068x637-optimized.png 1068w, https:\/\/canal5.md\/wp-content\/uploads\/2025\/03\/snimok-ekrana-2025-03-06-120609-optimized.png 1389w\">Doi tineri, cu v\u00e2rste de 17 \u0219i 20 de ani, originari din raioanele Nisporeni \u0219i Cahul, au fost re\u021binu\u021bi de angaja\u021bii Batalionului de patrulare \u0219i reac\u021bionare operativ\u0103 (BPRO) al Direc\u021biei de Poli\u021bie Chi\u0219in\u0103u, dup\u0103 ce ar fi comis dou\u0103 jafuri stradale \u00eentr-o singur\u0103 noapte, \u00een sectorul Centru al capitalei. \u00cen primul caz, suspec\u021bii au atacat [\u2026]<\/div>\n","protected":false},"author":1,"featured_media":68535,"comment_status":"closed","ping_status":"closed","sticky":false,"template":"","format":"standard","meta":{"jnews-multi-image_gallery":[],"jnews_single_post":[],"jnews_primary_category":[],"jnews_social_meta":[],"jnews_override_counter":[],"footnotes":""},"categories":[30],"tags":[],"class_list":["post-68534","post","type-post","status-publish","format-standard","has-post-thumbnail","hentry","category-social_ro"],"_links":{"self":[{"href":"https:\/\/orheifm.live\/index.php\/wp-json\/wp\/v2\/posts\/68534","targetHints":{"allow":["GET"]}}],"collection":[{"href":"https:\/\/orheifm.live\/index.php\/wp-json\/wp\/v2\/posts"}],"about":[{"href":"https:\/\/orheifm.live\/index.php\/wp-json\/wp\/v2\/types\/post"}],"author":[{"embeddable":true,"href":"https:\/\/orheifm.live\/index.php\/wp-json\/wp\/v2\/users\/1"}],"replies":[{"embeddable":true,"href":"https:\/\/orheifm.live\/index.php\/wp-json\/wp\/v2\/comments?post=68534"}],"version-history":[{"count":0,"href":"https:\/\/orheifm.live\/index.php\/wp-json\/wp\/v2\/posts\/68534\/revisions"}],"wp:featuredmedia":[{"embeddable":true,"href":"https:\/\/orheifm.live\/index.php\/wp-json\/wp\/v2\/media\/68535"}],"wp:attachment":[{"href":"https:\/\/orheifm.live\/index.php\/wp-json\/wp\/v2\/media?parent=68534"}],"wp:term":[{"taxonomy":"category","embeddable":true,"href":"https:\/\/orheifm.live\/index.php\/wp-json\/wp\/v2\/categories?post=68534"},{"taxonomy":"post_tag","embeddable":true,"href":"https:\/\/orheifm.live\/index.php\/wp-json\/wp\/v2\/tags?post=68534"}],"curies":[{"name":"wp","href":"https:\/\/api.w.org\/{rel}","templated":true}]}}