{"id":68532,"date":"2025-03-06T12:40:41","date_gmt":"2025-03-06T10:40:41","guid":{"rendered":"https:\/\/orheifm.live\/index.php\/2025\/03\/06\/politia-moldovei-se-confrunta-cu-un-deficit-de-personal-de-12-in-2024\/"},"modified":"2025-03-06T12:40:41","modified_gmt":"2025-03-06T10:40:41","slug":"politia-moldovei-se-confrunta-cu-un-deficit-de-personal-de-12-in-2024","status":"publish","type":"post","link":"https:\/\/orheifm.live\/index.php\/2025\/03\/06\/politia-moldovei-se-confrunta-cu-un-deficit-de-personal-de-12-in-2024\/","title":{"rendered":"Poli\u021bia Moldovei se confrunt\u0103 cu un deficit de personal de 12% \u00een 2024"},"content":{"rendered":"<div>\n<p><strong>\u00cen 2024, sistemul de poli\u021bie al Moldovei s-a confruntat cu un deficit de personal de 12%, \u00een timp ce num\u0103rul noilor angaja\u021bi a crescut doar cu 13%. Ca r\u0103spuns, Ministerul Afacerilor Interne inten\u021bioneaz\u0103 s\u0103 sporeasc\u0103 atractivitatea profesiei de poli\u021bist, inclusiv prin majorarea salariilor.<\/strong><\/p>\n<p>Ministra Afacerilor Interne, Daniella Misail-Nichitin, a declarat c\u0103, \u00een luna ianuarie, salariile au fost majorate cu 10%, \u00eens\u0103 autorit\u0103\u021bile pl\u0103nuiesc noi cre\u0219teri. Conform celor mai recente date, salariul unui poli\u021bist debutant este de 11.000 de lei, iar la \u00eenceputul anului 2024, salariul a fost majorat cu 1.000 de lei, ajung\u00e2nd de la 1.900 la 2.300 de lei.<\/p>\n<p>Ministerul recunoa\u0219te c\u0103 nivelul actual al salariilor nu este suficient pentru a atrage \u0219i a p\u0103stra speciali\u0219ti \u0219i ia \u00een considerare m\u0103suri suplimentare pentru a reduce fluctua\u021bia de personal \u0219i a cre\u0219te num\u0103rul de poli\u021bi\u0219ti activi.<\/p>\n<\/div>\n","protected":false},"excerpt":{"rendered":"<div><img loading=\"lazy\" decoding=\"async\" width=\"696\" height=\"392\" src=\"https:\/\/canal5.md\/wp-content\/uploads\/2025\/01\/politiaq-1024x576-optimized.jpg\" class=\"attachment-large size-large wp-post-image\" alt=\"\" srcset=\"https:\/\/canal5.md\/wp-content\/uploads\/2025\/01\/politiaq-1024x576-optimized.jpg 1024w, https:\/\/canal5.md\/wp-content\/uploads\/2025\/01\/politiaq-300x169-optimized.jpg 300w, https:\/\/canal5.md\/wp-content\/uploads\/2025\/01\/politiaq-768x432-optimized.jpg 768w, https:\/\/canal5.md\/wp-content\/uploads\/2025\/01\/politiaq-696x392-optimized.jpg 696w, https:\/\/canal5.md\/wp-content\/uploads\/2025\/01\/politiaq-1068x601-optimized.jpg 1068w, https:\/\/canal5.md\/wp-content\/uploads\/2025\/01\/politiaq-optimized.jpg 1200w\">\u00cen 2024, sistemul de poli\u021bie al Moldovei s-a confruntat cu un deficit de personal de 12%, \u00een timp ce num\u0103rul noilor angaja\u021bi a crescut doar cu 13%. Ca r\u0103spuns, Ministerul Afacerilor Interne inten\u021bioneaz\u0103 s\u0103 sporeasc\u0103 atractivitatea profesiei de poli\u021bist, inclusiv prin majorarea salariilor. Ministra Afacerilor Interne, Daniella Misail-Nichitin, a declarat c\u0103, \u00een luna ianuarie, salariile [\u2026]<\/div>\n","protected":false},"author":1,"featured_media":68533,"comment_status":"closed","ping_status":"closed","sticky":false,"template":"","format":"standard","meta":{"jnews-multi-image_gallery":[],"jnews_single_post":[],"jnews_primary_category":[],"jnews_social_meta":[],"jnews_override_counter":[],"footnotes":""},"categories":[30],"tags":[],"class_list":["post-68532","post","type-post","status-publish","format-standard","has-post-thumbnail","hentry","category-social_ro"],"_links":{"self":[{"href":"https:\/\/orheifm.live\/index.php\/wp-json\/wp\/v2\/posts\/68532","targetHints":{"allow":["GET"]}}],"collection":[{"href":"https:\/\/orheifm.live\/index.php\/wp-json\/wp\/v2\/posts"}],"about":[{"href":"https:\/\/orheifm.live\/index.php\/wp-json\/wp\/v2\/types\/post"}],"author":[{"embeddable":true,"href":"https:\/\/orheifm.live\/index.php\/wp-json\/wp\/v2\/users\/1"}],"replies":[{"embeddable":true,"href":"https:\/\/orheifm.live\/index.php\/wp-json\/wp\/v2\/comments?post=68532"}],"version-history":[{"count":0,"href":"https:\/\/orheifm.live\/index.php\/wp-json\/wp\/v2\/posts\/68532\/revisions"}],"wp:featuredmedia":[{"embeddable":true,"href":"https:\/\/orheifm.live\/index.php\/wp-json\/wp\/v2\/media\/68533"}],"wp:attachment":[{"href":"https:\/\/orheifm.live\/index.php\/wp-json\/wp\/v2\/media?parent=68532"}],"wp:term":[{"taxonomy":"category","embeddable":true,"href":"https:\/\/orheifm.live\/index.php\/wp-json\/wp\/v2\/categories?post=68532"},{"taxonomy":"post_tag","embeddable":true,"href":"https:\/\/orheifm.live\/index.php\/wp-json\/wp\/v2\/tags?post=68532"}],"curies":[{"name":"wp","href":"https:\/\/api.w.org\/{rel}","templated":true}]}}