{"id":68530,"date":"2025-03-06T12:20:08","date_gmt":"2025-03-06T10:20:08","guid":{"rendered":"https:\/\/orheifm.live\/index.php\/2025\/03\/06\/accident-rutier-in-centrul-capitalei-ambulanta-si-masina-avariate-grav\/"},"modified":"2025-03-06T12:20:08","modified_gmt":"2025-03-06T10:20:08","slug":"accident-rutier-in-centrul-capitalei-ambulanta-si-masina-avariate-grav","status":"publish","type":"post","link":"https:\/\/orheifm.live\/index.php\/2025\/03\/06\/accident-rutier-in-centrul-capitalei-ambulanta-si-masina-avariate-grav\/","title":{"rendered":"Accident rutier \u00een centrul capitalei: Ambulan\u021b\u0103 \u0219i ma\u0219in\u0103 avariate grav"},"content":{"rendered":"<div>\n<p><strong>Un accident rutier a avut loc ast\u0103zi \u00een centrul capitalei, la intersec\u021bia str\u0103zii Sfatul \u021a\u0103rii cu bulevardul \u0218tefan cel Mare \u0219i Sf\u00e2nt. <\/strong><\/p>\n<p>O ambulan\u021b\u0103 \u0219i un automobil au fost grav avariate dup\u0103 o coliziune puternic\u0103, informeaz\u0103 unimedia.info. Potrivit autorit\u0103\u021bilor, \u0219oferul ambulan\u021bei a fost transportat la spital.<\/p>\n<p>Alte detalii despre incident urmeaz\u0103 s\u0103 fie stabilite.<\/p>\n<\/div>\n","protected":false},"excerpt":{"rendered":"<div><img loading=\"lazy\" decoding=\"async\" width=\"696\" height=\"392\" src=\"https:\/\/canal5.md\/wp-content\/uploads\/2025\/03\/432916f863ef19024e837a534e15c5a79040dbba9008e62183b3d9ea26c76278-1068x601-1-1024x576-optimized.jpg\" class=\"attachment-large size-large wp-post-image\" alt=\"\" srcset=\"https:\/\/canal5.md\/wp-content\/uploads\/2025\/03\/432916f863ef19024e837a534e15c5a79040dbba9008e62183b3d9ea26c76278-1068x601-1-1024x576-optimized.jpg 1024w, https:\/\/canal5.md\/wp-content\/uploads\/2025\/03\/432916f863ef19024e837a534e15c5a79040dbba9008e62183b3d9ea26c76278-1068x601-1-300x169-optimized.jpg 300w, https:\/\/canal5.md\/wp-content\/uploads\/2025\/03\/432916f863ef19024e837a534e15c5a79040dbba9008e62183b3d9ea26c76278-1068x601-1-768x432-optimized.jpg 768w, https:\/\/canal5.md\/wp-content\/uploads\/2025\/03\/432916f863ef19024e837a534e15c5a79040dbba9008e62183b3d9ea26c76278-1068x601-1-696x392-optimized.jpg 696w, https:\/\/canal5.md\/wp-content\/uploads\/2025\/03\/432916f863ef19024e837a534e15c5a79040dbba9008e62183b3d9ea26c76278-1068x601-1-optimized.jpg 1068w\">Un accident rutier a avut loc ast\u0103zi \u00een centrul capitalei, la intersec\u021bia str\u0103zii Sfatul \u021a\u0103rii cu bulevardul \u0218tefan cel Mare \u0219i Sf\u00e2nt. O ambulan\u021b\u0103 \u0219i un automobil au fost grav avariate dup\u0103 o coliziune puternic\u0103, informeaz\u0103 unimedia.info. Potrivit autorit\u0103\u021bilor, \u0219oferul ambulan\u021bei a fost transportat la spital. Alte detalii despre incident urmeaz\u0103 s\u0103 fie stabilite.<\/div>\n","protected":false},"author":1,"featured_media":68531,"comment_status":"closed","ping_status":"closed","sticky":false,"template":"","format":"standard","meta":{"jnews-multi-image_gallery":[],"jnews_single_post":[],"jnews_primary_category":[],"jnews_social_meta":[],"jnews_override_counter":[],"footnotes":""},"categories":[30],"tags":[],"class_list":["post-68530","post","type-post","status-publish","format-standard","has-post-thumbnail","hentry","category-social_ro"],"_links":{"self":[{"href":"https:\/\/orheifm.live\/index.php\/wp-json\/wp\/v2\/posts\/68530","targetHints":{"allow":["GET"]}}],"collection":[{"href":"https:\/\/orheifm.live\/index.php\/wp-json\/wp\/v2\/posts"}],"about":[{"href":"https:\/\/orheifm.live\/index.php\/wp-json\/wp\/v2\/types\/post"}],"author":[{"embeddable":true,"href":"https:\/\/orheifm.live\/index.php\/wp-json\/wp\/v2\/users\/1"}],"replies":[{"embeddable":true,"href":"https:\/\/orheifm.live\/index.php\/wp-json\/wp\/v2\/comments?post=68530"}],"version-history":[{"count":0,"href":"https:\/\/orheifm.live\/index.php\/wp-json\/wp\/v2\/posts\/68530\/revisions"}],"wp:featuredmedia":[{"embeddable":true,"href":"https:\/\/orheifm.live\/index.php\/wp-json\/wp\/v2\/media\/68531"}],"wp:attachment":[{"href":"https:\/\/orheifm.live\/index.php\/wp-json\/wp\/v2\/media?parent=68530"}],"wp:term":[{"taxonomy":"category","embeddable":true,"href":"https:\/\/orheifm.live\/index.php\/wp-json\/wp\/v2\/categories?post=68530"},{"taxonomy":"post_tag","embeddable":true,"href":"https:\/\/orheifm.live\/index.php\/wp-json\/wp\/v2\/tags?post=68530"}],"curies":[{"name":"wp","href":"https:\/\/api.w.org\/{rel}","templated":true}]}}