{"id":68528,"date":"2025-03-06T12:00:02","date_gmt":"2025-03-06T10:00:02","guid":{"rendered":"https:\/\/orheifm.live\/index.php\/2025\/03\/06\/exercitiul-militar-din-coreea-de-sud-a-dus-la-daune-si-victime-din-cauza-unei-erori-de-tragere\/"},"modified":"2025-03-06T12:00:02","modified_gmt":"2025-03-06T10:00:02","slug":"exercitiul-militar-din-coreea-de-sud-a-dus-la-daune-si-victime-din-cauza-unei-erori-de-tragere","status":"publish","type":"post","link":"https:\/\/orheifm.live\/index.php\/2025\/03\/06\/exercitiul-militar-din-coreea-de-sud-a-dus-la-daune-si-victime-din-cauza-unei-erori-de-tragere\/","title":{"rendered":"Exerci\u021biul militar din Coreea de Sud a dus la daune \u0219i victime din cauza unei erori de tragere"},"content":{"rendered":"<div>\n<p><strong>Pe 6 martie, dou\u0103 avioane de v\u00e2n\u0103toare KF-16 ale For\u021belor Aeriene din Coreea de Sud, \u00een timpul unui exerci\u021biu de tragere cu muni\u021bie real\u0103, au comis o gre\u0219eal\u0103 grav\u0103, arunc\u00e2nd accidental opt bombe MK-82 asupra unui cartier reziden\u021bial din ora\u0219ul Pyeongchang.<\/strong><\/p>\n<p>Incidentul a avut loc la ora local\u0103 10:04 (ora Moscovei 04:04), \u00eentr-o zon\u0103 aflat\u0103 \u00een afacerea poligonului de tragere unde se desf\u0103\u0219urau exerci\u021biile, ceea ce \u00eenseamn\u0103 c\u0103 bombe au fost lansate \u00een afacerea terenului destinat testelor \u0219i nu \u00eentr-o zon\u0103 de siguran\u021b\u0103.<\/p>\n<p>Din p\u0103cate, opt persoane au fost r\u0103nite \u00een urma acestui incident. Potrivit datelor oficiale, majoritatea r\u0103ni\u021bilor au suferit fracturi ale oaselor, iar doi dintre ace\u0219tia sunt \u00een stare grav\u0103. Victimele au fost transportate de urgen\u021b\u0103 la spital pentru a primi \u00eengrijiri medicale. Autorit\u0103\u021bile din Pyeongchang \u0219i pompierii locali au confirmat c\u0103 au intervenit rapid la fa\u021ba locului.<\/p>\n<p>\u00cen urma exploziei, mai multe cl\u0103diri au fost avariate, inclusiv o biseric\u0103 \u0219i alte \u0219ase construc\u021bii, iar un camion de marf\u0103 a fost, de asemenea, deteriorat. Imaginile publicate de agen\u021bia de \u0219tiri News1 au ar\u0103tat biserica \u0219i o locuin\u021b\u0103 afectate grav de impactul bombelor. Incidentul a fost o mare surpriz\u0103, av\u00e2nd \u00een vedere c\u0103 exerci\u021biile militare trebuiau s\u0103 se desf\u0103\u0219oare \u00eentr-o zon\u0103 destinat\u0103 exclusiv pentru antrenamente, iar acest accident a st\u00e2rnit \u00eengrijorare \u00een r\u00e2ndul autorit\u0103\u021bilor \u0219i al cet\u0103\u021benilor din Pyeongchang.<\/p>\n<\/div>\n","protected":false},"excerpt":{"rendered":"<div><img loading=\"lazy\" decoding=\"async\" width=\"616\" height=\"462\" src=\"https:\/\/canal5.md\/wp-content\/uploads\/2025\/03\/2-2-optimized.jpg\" class=\"attachment-large size-large wp-post-image\" alt=\"\" srcset=\"https:\/\/canal5.md\/wp-content\/uploads\/2025\/03\/2-2-optimized.jpg 616w, https:\/\/canal5.md\/wp-content\/uploads\/2025\/03\/2-2-300x225-optimized.jpg 300w\">Pe 6 martie, dou\u0103 avioane de v\u00e2n\u0103toare KF-16 ale For\u021belor Aeriene din Coreea de Sud, \u00een timpul unui exerci\u021biu de tragere cu muni\u021bie real\u0103, au comis o gre\u0219eal\u0103 grav\u0103, arunc\u00e2nd accidental opt bombe MK-82 asupra unui cartier reziden\u021bial din ora\u0219ul Pyeongchang. Incidentul a avut loc la ora local\u0103 10:04 (ora Moscovei 04:04), \u00eentr-o zon\u0103 aflat\u0103 [\u2026]<\/div>\n","protected":false},"author":1,"featured_media":68529,"comment_status":"closed","ping_status":"closed","sticky":false,"template":"","format":"standard","meta":{"jnews-multi-image_gallery":[],"jnews_single_post":[],"jnews_primary_category":[],"jnews_social_meta":[],"jnews_override_counter":[],"footnotes":""},"categories":[29],"tags":[],"class_list":["post-68528","post","type-post","status-publish","format-standard","has-post-thumbnail","hentry","category-externe_ro"],"_links":{"self":[{"href":"https:\/\/orheifm.live\/index.php\/wp-json\/wp\/v2\/posts\/68528","targetHints":{"allow":["GET"]}}],"collection":[{"href":"https:\/\/orheifm.live\/index.php\/wp-json\/wp\/v2\/posts"}],"about":[{"href":"https:\/\/orheifm.live\/index.php\/wp-json\/wp\/v2\/types\/post"}],"author":[{"embeddable":true,"href":"https:\/\/orheifm.live\/index.php\/wp-json\/wp\/v2\/users\/1"}],"replies":[{"embeddable":true,"href":"https:\/\/orheifm.live\/index.php\/wp-json\/wp\/v2\/comments?post=68528"}],"version-history":[{"count":0,"href":"https:\/\/orheifm.live\/index.php\/wp-json\/wp\/v2\/posts\/68528\/revisions"}],"wp:featuredmedia":[{"embeddable":true,"href":"https:\/\/orheifm.live\/index.php\/wp-json\/wp\/v2\/media\/68529"}],"wp:attachment":[{"href":"https:\/\/orheifm.live\/index.php\/wp-json\/wp\/v2\/media?parent=68528"}],"wp:term":[{"taxonomy":"category","embeddable":true,"href":"https:\/\/orheifm.live\/index.php\/wp-json\/wp\/v2\/categories?post=68528"},{"taxonomy":"post_tag","embeddable":true,"href":"https:\/\/orheifm.live\/index.php\/wp-json\/wp\/v2\/tags?post=68528"}],"curies":[{"name":"wp","href":"https:\/\/api.w.org\/{rel}","templated":true}]}}