{"id":68517,"date":"2025-03-06T11:21:06","date_gmt":"2025-03-06T09:21:06","guid":{"rendered":"https:\/\/orheifm.live\/index.php\/2025\/03\/06\/salariile-membrilor-nationali-din-comisiile-de-vetting-vor-creste-cu-50\/"},"modified":"2025-03-06T11:21:06","modified_gmt":"2025-03-06T09:21:06","slug":"salariile-membrilor-nationali-din-comisiile-de-vetting-vor-creste-cu-50","status":"publish","type":"post","link":"https:\/\/orheifm.live\/index.php\/2025\/03\/06\/salariile-membrilor-nationali-din-comisiile-de-vetting-vor-creste-cu-50\/","title":{"rendered":"Salariile membrilor na\u021bionali din comisiile de vetting vor cre\u0219te cu 50%"},"content":{"rendered":"<div>\n<p data-start=\"78\" data-end=\"573\">Guvernul a aprobat recent o modificare legislativ\u0103 care prevede cre\u0219terea salariilor membrilor na\u021bionali din comisiile de vetting pentru evaluarea judec\u0103torilor \u0219i procurorilor cu 50%. Astfel, remunera\u021bia acestor exper\u021bi, care reprezint\u0103 Republica Moldova, va cre\u0219te de la aproximativ 74.000 de lei la peste 110.000 de lei. Procuratura General\u0103 consider\u0103 aceste major\u0103ri ca fiind nejustificate, av\u00e2nd \u00een vedere c\u0103 nu sunt prezentate date clare despre volumul de lucru al acestora, scrie Ziua.md.<\/p>\n<p data-start=\"575\" data-end=\"842\">Modific\u0103rile sunt incluse \u00eentr-un proiect al Guvernului, aprobat pe 5 martie, care se refer\u0103 la revizuirea legisla\u021biei privind evaluarea extraordinar\u0103 a judec\u0103torilor \u0219i procurorilor. Potrivit autorilor proiectului, aceste schimb\u0103ri vor \u201eacelera procesul de vetting\u201d.<\/p>\n<p data-start=\"844\" data-end=\"1098\">Pe l\u00e2ng\u0103 cre\u0219terea salariilor, proiectul propune \u0219i suplimentarea echipei de exper\u021bi na\u021bionali cu \u00eenc\u0103 un membru, astfel c\u0103 fiecare dintre cele dou\u0103 comisii de vetting va avea c\u00e2te patru membri na\u021bionali, \u00een completarea celor cinci membri interna\u021bionali.<\/p>\n<p data-start=\"1100\" data-end=\"1395\">Ministerul Justi\u021biei explic\u0103 faptul c\u0103, \u00een prezent, salariile membrilor na\u021bionali din comisiile de vetting echivaleaz\u0103 cu dublul salariului unui judec\u0103tor al Cur\u021bii Supreme de Justi\u021bie cu peste 16 ani de vechime, at\u00e2t pentru comisia de evaluare a judec\u0103torilor, c\u00e2t \u0219i pentru cea a procurorilor.<\/p>\n<p data-start=\"1397\" data-end=\"1734\">Autorii proiectului sus\u021bin c\u0103 aceste prevederi nu mai sunt relevante, av\u00e2nd \u00een vedere c\u0103 volumul de munc\u0103 al membrilor comisiilor s-a dublat. \u201eActivitatea membrilor comisiilor de evaluare presupune un nivel ridicat de responsabilitate, iar cre\u0219terea indemniza\u021biei este justificat\u0103 de cre\u0219terea volumului de munc\u0103\u201d, au argumentat ace\u0219tia.<\/p>\n<p data-start=\"1736\" data-end=\"2342\" data-is-last-node=\"\" data-is-only-node=\"\">Pe de alt\u0103 parte, Procuratura General\u0103 a propus anularea acestor modific\u0103ri, consider\u00e2ndu-le nerezonabile \u0219i nejustificate. \u201eEste neclar care este volumul de munc\u0103 care \u2018s-a dublat\u2019, deoarece nu sunt prezentate date statistice relevante. De la adoptarea Legii nr. 252\/2023, nu au existat amendamente legislative care s\u0103 justifice dublarea volumului de munc\u0103. Este nerealist ca membrii comisiilor s\u0103 lucreze 16 ore pe zi, \u00een loc de 8, pentru a realiza un volum de munc\u0103 dublu. Acest argument nu este fundamentat \u0219i nu poate justifica majorarea indemniza\u021biilor\u201d, se arat\u0103 \u00een obiec\u021biile Procuraturii Generale.<\/p>\n<p data-start=\"1736\" data-end=\"2342\" data-is-last-node=\"\" data-is-only-node=\"\">\n<\/div>\n","protected":false},"excerpt":{"rendered":"<div><img loading=\"lazy\" decoding=\"async\" width=\"696\" height=\"437\" src=\"https:\/\/canal5.md\/wp-content\/uploads\/2025\/03\/comisia_vetting_judecatori-1068x671-1-1024x643-optimized.jpg\" class=\"attachment-large size-large wp-post-image\" alt=\"\" srcset=\"https:\/\/canal5.md\/wp-content\/uploads\/2025\/03\/comisia_vetting_judecatori-1068x671-1-1024x643-optimized.jpg 1024w, https:\/\/canal5.md\/wp-content\/uploads\/2025\/03\/comisia_vetting_judecatori-1068x671-1-300x188-optimized.jpg 300w, https:\/\/canal5.md\/wp-content\/uploads\/2025\/03\/comisia_vetting_judecatori-1068x671-1-768x483-optimized.jpg 768w, https:\/\/canal5.md\/wp-content\/uploads\/2025\/03\/comisia_vetting_judecatori-1068x671-1-696x437-optimized.jpg 696w, https:\/\/canal5.md\/wp-content\/uploads\/2025\/03\/comisia_vetting_judecatori-1068x671-1-optimized.jpg 1068w\">Guvernul a aprobat recent o modificare legislativ\u0103 care prevede cre\u0219terea salariilor membrilor na\u021bionali din comisiile de vetting pentru evaluarea judec\u0103torilor \u0219i procurorilor cu 50%. Astfel, remunera\u021bia acestor exper\u021bi, care reprezint\u0103 Republica Moldova, va cre\u0219te de la aproximativ 74.000 de lei la peste 110.000 de lei. Procuratura General\u0103 consider\u0103 aceste major\u0103ri ca fiind nejustificate, av\u00e2nd \u00een [\u2026]<\/div>\n","protected":false},"author":1,"featured_media":68518,"comment_status":"closed","ping_status":"closed","sticky":false,"template":"","format":"standard","meta":{"jnews-multi-image_gallery":[],"jnews_single_post":[],"jnews_primary_category":[],"jnews_social_meta":[],"jnews_override_counter":[],"footnotes":""},"categories":[30],"tags":[],"class_list":["post-68517","post","type-post","status-publish","format-standard","has-post-thumbnail","hentry","category-social_ro"],"_links":{"self":[{"href":"https:\/\/orheifm.live\/index.php\/wp-json\/wp\/v2\/posts\/68517","targetHints":{"allow":["GET"]}}],"collection":[{"href":"https:\/\/orheifm.live\/index.php\/wp-json\/wp\/v2\/posts"}],"about":[{"href":"https:\/\/orheifm.live\/index.php\/wp-json\/wp\/v2\/types\/post"}],"author":[{"embeddable":true,"href":"https:\/\/orheifm.live\/index.php\/wp-json\/wp\/v2\/users\/1"}],"replies":[{"embeddable":true,"href":"https:\/\/orheifm.live\/index.php\/wp-json\/wp\/v2\/comments?post=68517"}],"version-history":[{"count":0,"href":"https:\/\/orheifm.live\/index.php\/wp-json\/wp\/v2\/posts\/68517\/revisions"}],"wp:featuredmedia":[{"embeddable":true,"href":"https:\/\/orheifm.live\/index.php\/wp-json\/wp\/v2\/media\/68518"}],"wp:attachment":[{"href":"https:\/\/orheifm.live\/index.php\/wp-json\/wp\/v2\/media?parent=68517"}],"wp:term":[{"taxonomy":"category","embeddable":true,"href":"https:\/\/orheifm.live\/index.php\/wp-json\/wp\/v2\/categories?post=68517"},{"taxonomy":"post_tag","embeddable":true,"href":"https:\/\/orheifm.live\/index.php\/wp-json\/wp\/v2\/tags?post=68517"}],"curies":[{"name":"wp","href":"https:\/\/api.w.org\/{rel}","templated":true}]}}