{"id":68515,"date":"2025-03-06T11:00:35","date_gmt":"2025-03-06T09:00:35","guid":{"rendered":"https:\/\/orheifm.live\/index.php\/2025\/03\/06\/accident-rutier-la-bender-doua-persoane-ranite-dupa-ce-mercedesul-a-lovit-un-copac\/"},"modified":"2025-03-06T11:00:35","modified_gmt":"2025-03-06T09:00:35","slug":"accident-rutier-la-bender-doua-persoane-ranite-dupa-ce-mercedesul-a-lovit-un-copac","status":"publish","type":"post","link":"https:\/\/orheifm.live\/index.php\/2025\/03\/06\/accident-rutier-la-bender-doua-persoane-ranite-dupa-ce-mercedesul-a-lovit-un-copac\/","title":{"rendered":"Accident rutier la Bender: Dou\u0103 persoane r\u0103nite dup\u0103 ce Mercedesul a lovit un copac"},"content":{"rendered":"<div>\n<p><strong>Dou\u0103 persoane au fost r\u0103nite \u00eentr-un accident rutier, dup\u0103 ce ma\u0219ina \u00een care se aflau a intrat \u00eentr-un copac. Incidentul a avut loc miercuri seara, 5 martie, la Bender.<\/strong><\/p>\n<p>\u0218oferul unui Mercedes, \u00een v\u00e2rst\u0103 de 21 de ani, a pierdut controlul volanului, a ie\u0219it de pe drum \u0219i a ajuns pe trotuar, lovind un copac. \u00cen urma coliziunii, at\u00e2t \u0219oferul, c\u00e2t \u0219i pasagerul de 27 de ani au suferit traumatisme.<\/p>\n<p>Ma\u0219ina avariat\u0103 a fost transportat\u0103 la o parcare cu plat\u0103.<\/p>\n<\/div>\n","protected":false},"excerpt":{"rendered":"<div><img loading=\"lazy\" decoding=\"async\" width=\"696\" height=\"522\" src=\"https:\/\/canal5.md\/wp-content\/uploads\/2025\/03\/0ef45ffbbf00d1610ace9b6ef88d51e33d9a7b55fab6c3bd61e22528a3ddabc6-1024x768-optimized.jpg\" class=\"attachment-large size-large wp-post-image\" alt=\"\" srcset=\"https:\/\/canal5.md\/wp-content\/uploads\/2025\/03\/0ef45ffbbf00d1610ace9b6ef88d51e33d9a7b55fab6c3bd61e22528a3ddabc6-1024x768-optimized.jpg 1024w, https:\/\/canal5.md\/wp-content\/uploads\/2025\/03\/0ef45ffbbf00d1610ace9b6ef88d51e33d9a7b55fab6c3bd61e22528a3ddabc6-300x225-optimized.jpg 300w, https:\/\/canal5.md\/wp-content\/uploads\/2025\/03\/0ef45ffbbf00d1610ace9b6ef88d51e33d9a7b55fab6c3bd61e22528a3ddabc6-768x576-optimized.jpg 768w, https:\/\/canal5.md\/wp-content\/uploads\/2025\/03\/0ef45ffbbf00d1610ace9b6ef88d51e33d9a7b55fab6c3bd61e22528a3ddabc6-696x522-optimized.jpg 696w, https:\/\/canal5.md\/wp-content\/uploads\/2025\/03\/0ef45ffbbf00d1610ace9b6ef88d51e33d9a7b55fab6c3bd61e22528a3ddabc6-1068x801-optimized.jpg 1068w, https:\/\/canal5.md\/wp-content\/uploads\/2025\/03\/0ef45ffbbf00d1610ace9b6ef88d51e33d9a7b55fab6c3bd61e22528a3ddabc6-optimized.jpg 1280w\">Dou\u0103 persoane au fost r\u0103nite \u00eentr-un accident rutier, dup\u0103 ce ma\u0219ina \u00een care se aflau a intrat \u00eentr-un copac. Incidentul a avut loc miercuri seara, 5 martie, la Bender. \u0218oferul unui Mercedes, \u00een v\u00e2rst\u0103 de 21 de ani, a pierdut controlul volanului, a ie\u0219it de pe drum \u0219i a ajuns pe trotuar, lovind un copac. [\u2026]<\/div>\n","protected":false},"author":1,"featured_media":68516,"comment_status":"closed","ping_status":"closed","sticky":false,"template":"","format":"standard","meta":{"jnews-multi-image_gallery":[],"jnews_single_post":[],"jnews_primary_category":[],"jnews_social_meta":[],"jnews_override_counter":[],"footnotes":""},"categories":[30],"tags":[],"class_list":["post-68515","post","type-post","status-publish","format-standard","has-post-thumbnail","hentry","category-social_ro"],"_links":{"self":[{"href":"https:\/\/orheifm.live\/index.php\/wp-json\/wp\/v2\/posts\/68515","targetHints":{"allow":["GET"]}}],"collection":[{"href":"https:\/\/orheifm.live\/index.php\/wp-json\/wp\/v2\/posts"}],"about":[{"href":"https:\/\/orheifm.live\/index.php\/wp-json\/wp\/v2\/types\/post"}],"author":[{"embeddable":true,"href":"https:\/\/orheifm.live\/index.php\/wp-json\/wp\/v2\/users\/1"}],"replies":[{"embeddable":true,"href":"https:\/\/orheifm.live\/index.php\/wp-json\/wp\/v2\/comments?post=68515"}],"version-history":[{"count":0,"href":"https:\/\/orheifm.live\/index.php\/wp-json\/wp\/v2\/posts\/68515\/revisions"}],"wp:featuredmedia":[{"embeddable":true,"href":"https:\/\/orheifm.live\/index.php\/wp-json\/wp\/v2\/media\/68516"}],"wp:attachment":[{"href":"https:\/\/orheifm.live\/index.php\/wp-json\/wp\/v2\/media?parent=68515"}],"wp:term":[{"taxonomy":"category","embeddable":true,"href":"https:\/\/orheifm.live\/index.php\/wp-json\/wp\/v2\/categories?post=68515"},{"taxonomy":"post_tag","embeddable":true,"href":"https:\/\/orheifm.live\/index.php\/wp-json\/wp\/v2\/tags?post=68515"}],"curies":[{"name":"wp","href":"https:\/\/api.w.org\/{rel}","templated":true}]}}