{"id":68511,"date":"2025-03-06T10:40:03","date_gmt":"2025-03-06T08:40:03","guid":{"rendered":"https:\/\/orheifm.live\/index.php\/2025\/03\/06\/noi-focare-de-pesta-porcina-gripa-aviara-si-rabie-in-moldova\/"},"modified":"2025-03-06T10:40:03","modified_gmt":"2025-03-06T08:40:03","slug":"noi-focare-de-pesta-porcina-gripa-aviara-si-rabie-in-moldova","status":"publish","type":"post","link":"https:\/\/orheifm.live\/index.php\/2025\/03\/06\/noi-focare-de-pesta-porcina-gripa-aviara-si-rabie-in-moldova\/","title":{"rendered":"Noi focare de pest\u0103 porcin\u0103, grip\u0103 aviar\u0103 \u0219i rabie \u00een Moldova"},"content":{"rendered":"<div>\n<p><strong>Agen\u021bia Na\u021bional\u0103 pentru Siguran\u021ba Alimentelor (ANSA) anun\u021b\u0103 c\u0103, \u00een perioada 19 februarie \u2013 5 martie, \u00een Republica Moldova au fost confirmate mai multe focare de boli la animale domestice \u0219i s\u0103lbatice.<\/strong><\/p>\n<p>Au fost \u00eenregistrate cazuri de pest\u0103 porcin\u0103 african\u0103 la porci domestici \u0219i mistre\u021bi, grip\u0103 aviar\u0103 la p\u0103s\u0103ri domestice \u0219i rabie la vulpi \u00een diferite localit\u0103\u021bi ale \u021b\u0103rii.<\/p>\n<p>Totodat\u0103, \u0219ase focare de pest\u0103 porcin\u0103, dou\u0103 de rabie \u0219i dou\u0103 de grip\u0103 aviar\u0103 au fost eradicate. Speciali\u0219tii aplic\u0103 m\u0103suri stricte de carantin\u0103 \u0219i monitorizare pentru a preveni r\u0103sp\u00e2ndirea bolilor.<\/p>\n<\/div>\n","protected":false},"excerpt":{"rendered":"<div><img loading=\"lazy\" decoding=\"async\" width=\"696\" height=\"385\" src=\"https:\/\/canal5.md\/wp-content\/uploads\/2025\/03\/4bfcece288fd529bf7f5c27c1d2c767b-1024x567-optimized.jpg\" class=\"attachment-large size-large wp-post-image\" alt=\"\" srcset=\"https:\/\/canal5.md\/wp-content\/uploads\/2025\/03\/4bfcece288fd529bf7f5c27c1d2c767b-1024x567-optimized.jpg 1024w, https:\/\/canal5.md\/wp-content\/uploads\/2025\/03\/4bfcece288fd529bf7f5c27c1d2c767b-300x166-optimized.jpg 300w, https:\/\/canal5.md\/wp-content\/uploads\/2025\/03\/4bfcece288fd529bf7f5c27c1d2c767b-768x425-optimized.jpg 768w, https:\/\/canal5.md\/wp-content\/uploads\/2025\/03\/4bfcece288fd529bf7f5c27c1d2c767b-696x386-optimized.jpg 696w, https:\/\/canal5.md\/wp-content\/uploads\/2025\/03\/4bfcece288fd529bf7f5c27c1d2c767b-1068x592-optimized.jpg 1068w, https:\/\/canal5.md\/wp-content\/uploads\/2025\/03\/4bfcece288fd529bf7f5c27c1d2c767b-optimized.jpg 1280w\">Agen\u021bia Na\u021bional\u0103 pentru Siguran\u021ba Alimentelor (ANSA) anun\u021b\u0103 c\u0103, \u00een perioada 19 februarie \u2013 5 martie, \u00een Republica Moldova au fost confirmate mai multe focare de boli la animale domestice \u0219i s\u0103lbatice. Au fost \u00eenregistrate cazuri de pest\u0103 porcin\u0103 african\u0103 la porci domestici \u0219i mistre\u021bi, grip\u0103 aviar\u0103 la p\u0103s\u0103ri domestice \u0219i rabie la vulpi \u00een diferite [\u2026]<\/div>\n","protected":false},"author":1,"featured_media":68512,"comment_status":"closed","ping_status":"closed","sticky":false,"template":"","format":"standard","meta":{"jnews-multi-image_gallery":[],"jnews_single_post":[],"jnews_primary_category":[],"jnews_social_meta":[],"jnews_override_counter":[],"footnotes":""},"categories":[30],"tags":[],"class_list":["post-68511","post","type-post","status-publish","format-standard","has-post-thumbnail","hentry","category-social_ro"],"_links":{"self":[{"href":"https:\/\/orheifm.live\/index.php\/wp-json\/wp\/v2\/posts\/68511","targetHints":{"allow":["GET"]}}],"collection":[{"href":"https:\/\/orheifm.live\/index.php\/wp-json\/wp\/v2\/posts"}],"about":[{"href":"https:\/\/orheifm.live\/index.php\/wp-json\/wp\/v2\/types\/post"}],"author":[{"embeddable":true,"href":"https:\/\/orheifm.live\/index.php\/wp-json\/wp\/v2\/users\/1"}],"replies":[{"embeddable":true,"href":"https:\/\/orheifm.live\/index.php\/wp-json\/wp\/v2\/comments?post=68511"}],"version-history":[{"count":0,"href":"https:\/\/orheifm.live\/index.php\/wp-json\/wp\/v2\/posts\/68511\/revisions"}],"wp:featuredmedia":[{"embeddable":true,"href":"https:\/\/orheifm.live\/index.php\/wp-json\/wp\/v2\/media\/68512"}],"wp:attachment":[{"href":"https:\/\/orheifm.live\/index.php\/wp-json\/wp\/v2\/media?parent=68511"}],"wp:term":[{"taxonomy":"category","embeddable":true,"href":"https:\/\/orheifm.live\/index.php\/wp-json\/wp\/v2\/categories?post=68511"},{"taxonomy":"post_tag","embeddable":true,"href":"https:\/\/orheifm.live\/index.php\/wp-json\/wp\/v2\/tags?post=68511"}],"curies":[{"name":"wp","href":"https:\/\/api.w.org\/{rel}","templated":true}]}}