{"id":68509,"date":"2025-03-06T10:00:43","date_gmt":"2025-03-06T08:00:43","guid":{"rendered":"https:\/\/orheifm.live\/index.php\/2025\/03\/06\/incident-la-albita-un-barbat-voia-sa-treaca-frontiera-cu-un-autoturism-neinmatriculat\/"},"modified":"2025-03-06T10:00:43","modified_gmt":"2025-03-06T08:00:43","slug":"incident-la-albita-un-barbat-voia-sa-treaca-frontiera-cu-un-autoturism-neinmatriculat","status":"publish","type":"post","link":"https:\/\/orheifm.live\/index.php\/2025\/03\/06\/incident-la-albita-un-barbat-voia-sa-treaca-frontiera-cu-un-autoturism-neinmatriculat\/","title":{"rendered":"Incident la Albi\u021ba: Un b\u0103rbat voia s\u0103 treac\u0103 frontiera cu un autoturism ne\u00eenmatriculat"},"content":{"rendered":"<div>\n<p><strong>Un b\u0103rbat de 46 de ani, cet\u0103\u021bean al Republicii Moldova, este cercetat dup\u0103 ce a \u00eencercat s\u0103 treac\u0103 frontiera prin punctul Albi\u021ba la volanul unui autoturism cu numere lituaniene, care s-a dovedit a fi radiat din circula\u021bie.<\/strong><\/p>\n<p>Incidentul a avut loc pe 4 martie, la ora 22:35.<\/p>\n<p>Poli\u021bia de Frontier\u0103 din Rom\u00e2nia a efectuat verific\u0103ri suplimentare \u0219i a constatat c\u0103 vehiculul nu mai era \u00eenregistrat \u00een nicio \u021bar\u0103.<\/p>\n<p>\u00cen consecin\u021b\u0103, autorit\u0103\u021bile au deschis o anchet\u0103 pentru infrac\u021biuni legate de circula\u021bia unui vehicul ne\u00eenmatriculat \u0219i utilizarea unor numere false de \u00eenmatriculare.<\/p>\n<\/div>\n","protected":false},"excerpt":{"rendered":"<div><img loading=\"lazy\" decoding=\"async\" width=\"696\" height=\"392\" src=\"https:\/\/canal5.md\/wp-content\/uploads\/2025\/03\/58cc77672443019a648281aa4caa412c-optimized.jpg\" class=\"attachment-large size-large wp-post-image\" alt=\"\" srcset=\"https:\/\/canal5.md\/wp-content\/uploads\/2025\/03\/58cc77672443019a648281aa4caa412c-optimized.jpg 809w, https:\/\/canal5.md\/wp-content\/uploads\/2025\/03\/58cc77672443019a648281aa4caa412c-300x169-optimized.jpg 300w, https:\/\/canal5.md\/wp-content\/uploads\/2025\/03\/58cc77672443019a648281aa4caa412c-768x433-optimized.jpg 768w, https:\/\/canal5.md\/wp-content\/uploads\/2025\/03\/58cc77672443019a648281aa4caa412c-696x392-optimized.jpg 696w\">Un b\u0103rbat de 46 de ani, cet\u0103\u021bean al Republicii Moldova, este cercetat dup\u0103 ce a \u00eencercat s\u0103 treac\u0103 frontiera prin punctul Albi\u021ba la volanul unui autoturism cu numere lituaniene, care s-a dovedit a fi radiat din circula\u021bie. Incidentul a avut loc pe 4 martie, la ora 22:35. Poli\u021bia de Frontier\u0103 din Rom\u00e2nia a efectuat verific\u0103ri [\u2026]<\/div>\n","protected":false},"author":1,"featured_media":68510,"comment_status":"closed","ping_status":"closed","sticky":false,"template":"","format":"standard","meta":{"jnews-multi-image_gallery":[],"jnews_single_post":[],"jnews_primary_category":[],"jnews_social_meta":[],"jnews_override_counter":[],"footnotes":""},"categories":[30],"tags":[],"class_list":["post-68509","post","type-post","status-publish","format-standard","has-post-thumbnail","hentry","category-social_ro"],"_links":{"self":[{"href":"https:\/\/orheifm.live\/index.php\/wp-json\/wp\/v2\/posts\/68509","targetHints":{"allow":["GET"]}}],"collection":[{"href":"https:\/\/orheifm.live\/index.php\/wp-json\/wp\/v2\/posts"}],"about":[{"href":"https:\/\/orheifm.live\/index.php\/wp-json\/wp\/v2\/types\/post"}],"author":[{"embeddable":true,"href":"https:\/\/orheifm.live\/index.php\/wp-json\/wp\/v2\/users\/1"}],"replies":[{"embeddable":true,"href":"https:\/\/orheifm.live\/index.php\/wp-json\/wp\/v2\/comments?post=68509"}],"version-history":[{"count":0,"href":"https:\/\/orheifm.live\/index.php\/wp-json\/wp\/v2\/posts\/68509\/revisions"}],"wp:featuredmedia":[{"embeddable":true,"href":"https:\/\/orheifm.live\/index.php\/wp-json\/wp\/v2\/media\/68510"}],"wp:attachment":[{"href":"https:\/\/orheifm.live\/index.php\/wp-json\/wp\/v2\/media?parent=68509"}],"wp:term":[{"taxonomy":"category","embeddable":true,"href":"https:\/\/orheifm.live\/index.php\/wp-json\/wp\/v2\/categories?post=68509"},{"taxonomy":"post_tag","embeddable":true,"href":"https:\/\/orheifm.live\/index.php\/wp-json\/wp\/v2\/tags?post=68509"}],"curies":[{"name":"wp","href":"https:\/\/api.w.org\/{rel}","templated":true}]}}