{"id":68507,"date":"2025-03-06T09:40:27","date_gmt":"2025-03-06T07:40:27","guid":{"rendered":"https:\/\/orheifm.live\/index.php\/2025\/03\/06\/droguri-intr-o-unitate-militara-suspect-retinut-si-ancheta-in-desfasurare\/"},"modified":"2025-03-06T09:40:27","modified_gmt":"2025-03-06T07:40:27","slug":"droguri-intr-o-unitate-militara-suspect-retinut-si-ancheta-in-desfasurare","status":"publish","type":"post","link":"https:\/\/orheifm.live\/index.php\/2025\/03\/06\/droguri-intr-o-unitate-militara-suspect-retinut-si-ancheta-in-desfasurare\/","title":{"rendered":"Droguri \u00eentr-o unitate militar\u0103: Suspect re\u021binut \u0219i anchet\u0103 \u00een desf\u0103\u0219urare"},"content":{"rendered":"<div>\n<p><strong>Pe teritoriul unei unit\u0103\u021bi militare a fost descoperit un caz de de\u021binere a substan\u021belor narcotice, conform anun\u021bului Ministerului Ap\u0103r\u0103rii, care a informat autorit\u0103\u021bile competente. <\/strong><\/p>\n<p>Suspectul a fost re\u021binut pentru 72 de ore, iar cazul este investigat.<\/p>\n<p>Ministerul Ap\u0103r\u0103rii colaboreaz\u0103 cu institu\u021biile responsabile pentru clarificarea situa\u021biei \u0219i subliniaz\u0103 c\u0103 orice activitate ilegal\u0103 \u00een cadrul unit\u0103\u021bilor sale este sanc\u021bionat\u0103 conform legisla\u021biei.<\/p>\n<\/div>\n","protected":false},"excerpt":{"rendered":"<div><img loading=\"lazy\" decoding=\"async\" width=\"696\" height=\"393\" src=\"https:\/\/canal5.md\/wp-content\/uploads\/2025\/03\/61660f49d75c842f259cc433eb4588ef-optimized.jpg\" class=\"attachment-large size-large wp-post-image\" alt=\"\" srcset=\"https:\/\/canal5.md\/wp-content\/uploads\/2025\/03\/61660f49d75c842f259cc433eb4588ef-optimized.jpg 808w, https:\/\/canal5.md\/wp-content\/uploads\/2025\/03\/61660f49d75c842f259cc433eb4588ef-300x169-optimized.jpg 300w, https:\/\/canal5.md\/wp-content\/uploads\/2025\/03\/61660f49d75c842f259cc433eb4588ef-768x433-optimized.jpg 768w, https:\/\/canal5.md\/wp-content\/uploads\/2025\/03\/61660f49d75c842f259cc433eb4588ef-696x393-optimized.jpg 696w\">Pe teritoriul unei unit\u0103\u021bi militare a fost descoperit un caz de de\u021binere a substan\u021belor narcotice, conform anun\u021bului Ministerului Ap\u0103r\u0103rii, care a informat autorit\u0103\u021bile competente. Suspectul a fost re\u021binut pentru 72 de ore, iar cazul este investigat. Ministerul Ap\u0103r\u0103rii colaboreaz\u0103 cu institu\u021biile responsabile pentru clarificarea situa\u021biei \u0219i subliniaz\u0103 c\u0103 orice activitate ilegal\u0103 \u00een cadrul unit\u0103\u021bilor sale [\u2026]<\/div>\n","protected":false},"author":1,"featured_media":68508,"comment_status":"closed","ping_status":"closed","sticky":false,"template":"","format":"standard","meta":{"jnews-multi-image_gallery":[],"jnews_single_post":[],"jnews_primary_category":[],"jnews_social_meta":[],"jnews_override_counter":[],"footnotes":""},"categories":[30],"tags":[],"class_list":["post-68507","post","type-post","status-publish","format-standard","has-post-thumbnail","hentry","category-social_ro"],"_links":{"self":[{"href":"https:\/\/orheifm.live\/index.php\/wp-json\/wp\/v2\/posts\/68507","targetHints":{"allow":["GET"]}}],"collection":[{"href":"https:\/\/orheifm.live\/index.php\/wp-json\/wp\/v2\/posts"}],"about":[{"href":"https:\/\/orheifm.live\/index.php\/wp-json\/wp\/v2\/types\/post"}],"author":[{"embeddable":true,"href":"https:\/\/orheifm.live\/index.php\/wp-json\/wp\/v2\/users\/1"}],"replies":[{"embeddable":true,"href":"https:\/\/orheifm.live\/index.php\/wp-json\/wp\/v2\/comments?post=68507"}],"version-history":[{"count":0,"href":"https:\/\/orheifm.live\/index.php\/wp-json\/wp\/v2\/posts\/68507\/revisions"}],"wp:featuredmedia":[{"embeddable":true,"href":"https:\/\/orheifm.live\/index.php\/wp-json\/wp\/v2\/media\/68508"}],"wp:attachment":[{"href":"https:\/\/orheifm.live\/index.php\/wp-json\/wp\/v2\/media?parent=68507"}],"wp:term":[{"taxonomy":"category","embeddable":true,"href":"https:\/\/orheifm.live\/index.php\/wp-json\/wp\/v2\/categories?post=68507"},{"taxonomy":"post_tag","embeddable":true,"href":"https:\/\/orheifm.live\/index.php\/wp-json\/wp\/v2\/tags?post=68507"}],"curies":[{"name":"wp","href":"https:\/\/api.w.org\/{rel}","templated":true}]}}