{"id":68505,"date":"2025-03-06T09:13:46","date_gmt":"2025-03-06T07:13:46","guid":{"rendered":"https:\/\/orheifm.live\/index.php\/2025\/03\/06\/zi-insorita-si-calda-in-moldova-temperaturi-de-pana-la-19c\/"},"modified":"2025-03-06T09:13:46","modified_gmt":"2025-03-06T07:13:46","slug":"zi-insorita-si-calda-in-moldova-temperaturi-de-pana-la-19c","status":"publish","type":"post","link":"https:\/\/orheifm.live\/index.php\/2025\/03\/06\/zi-insorita-si-calda-in-moldova-temperaturi-de-pana-la-19c\/","title":{"rendered":"Zi \u00eensorit\u0103 \u0219i cald\u0103 \u00een Moldova: temperaturi de p\u00e2n\u0103 la 19\u00b0C"},"content":{"rendered":"<div>\n<p><strong>Ast\u0103zi, vremea \u00een Moldova va fi predominant senin\u0103, cu condi\u021bii atmosferice favorabile \u0219i \u0219anse reduse de precipita\u021bii, conform Serviciului Hidrometeorologic de Stat.<\/strong><\/p>\n<p>Temperaturile vor cre\u0219te treptat pe parcursul zilei, pornind de la 2\u00b0C diminea\u021ba (ora 7:00) \u0219i ating\u00e2nd un maxim de 19\u00b0C dup\u0103-amiaza.<\/p>\n<p>Cerul va fi senin, iar soarele va r\u0103s\u0103ri la 6:34 \u0219i va apune la 17:56.<\/p>\n<\/div>\n","protected":false},"excerpt":{"rendered":"<div><img loading=\"lazy\" decoding=\"async\" width=\"696\" height=\"696\" src=\"https:\/\/canal5.md\/wp-content\/uploads\/2025\/03\/dall%C2%B7e-2025-03-06-09.09.37-a-bright-sunny-day-in-moldova-with-a-clear-blue-sky.-the-landscape-features-a-serene-countryside-with-early-spring-vegetation-and-a-thermometer-disp-optimized.webp\" class=\"attachment-large size-large wp-post-image\" alt=\"\" srcset=\"https:\/\/canal5.md\/wp-content\/uploads\/2025\/03\/dall\u00b7e-2025-03-06-09.09.37-a-bright-sunny-day-in-moldova-with-a-clear-blue-sky.-the-landscape-features-a-serene-countryside-with-early-spring-vegetation-and-a-thermometer-disp-optimized.webp 1024w, https:\/\/canal5.md\/wp-content\/uploads\/2025\/03\/dall\u00b7e-2025-03-06-09.09.37-a-bright-sunny-day-in-moldova-with-a-clear-blue-sky.-the-landscape-features-a-serene-countryside-with-early-spring-vegetation-and-a-thermometer-disp-300x300-optimized.webp 300w, https:\/\/canal5.md\/wp-content\/uploads\/2025\/03\/dall\u00b7e-2025-03-06-09.09.37-a-bright-sunny-day-in-moldova-with-a-clear-blue-sky.-the-landscape-features-a-serene-countryside-with-early-spring-vegetation-and-a-thermometer-disp-150x150-optimized.webp 150w, https:\/\/canal5.md\/wp-content\/uploads\/2025\/03\/dall\u00b7e-2025-03-06-09.09.37-a-bright-sunny-day-in-moldova-with-a-clear-blue-sky.-the-landscape-features-a-serene-countryside-with-early-spring-vegetation-and-a-thermometer-disp-768x768-optimized.webp 768w, https:\/\/canal5.md\/wp-content\/uploads\/2025\/03\/dall\u00b7e-2025-03-06-09.09.37-a-bright-sunny-day-in-moldova-with-a-clear-blue-sky.-the-landscape-features-a-serene-countryside-with-early-spring-vegetation-and-a-thermometer-disp-696x696-optimized.webp 696w\">Ast\u0103zi, vremea \u00een Moldova va fi predominant senin\u0103, cu condi\u021bii atmosferice favorabile \u0219i \u0219anse reduse de precipita\u021bii, conform Serviciului Hidrometeorologic de Stat. Temperaturile vor cre\u0219te treptat pe parcursul zilei, pornind de la 2\u00b0C diminea\u021ba (ora 7:00) \u0219i ating\u00e2nd un maxim de 19\u00b0C dup\u0103-amiaza. Cerul va fi senin, iar soarele va r\u0103s\u0103ri la 6:34 \u0219i va [\u2026]<\/div>\n","protected":false},"author":1,"featured_media":68506,"comment_status":"closed","ping_status":"closed","sticky":false,"template":"","format":"standard","meta":{"jnews-multi-image_gallery":[],"jnews_single_post":[],"jnews_primary_category":[],"jnews_social_meta":[],"jnews_override_counter":[],"footnotes":""},"categories":[30],"tags":[],"class_list":["post-68505","post","type-post","status-publish","format-standard","has-post-thumbnail","hentry","category-social_ro"],"_links":{"self":[{"href":"https:\/\/orheifm.live\/index.php\/wp-json\/wp\/v2\/posts\/68505","targetHints":{"allow":["GET"]}}],"collection":[{"href":"https:\/\/orheifm.live\/index.php\/wp-json\/wp\/v2\/posts"}],"about":[{"href":"https:\/\/orheifm.live\/index.php\/wp-json\/wp\/v2\/types\/post"}],"author":[{"embeddable":true,"href":"https:\/\/orheifm.live\/index.php\/wp-json\/wp\/v2\/users\/1"}],"replies":[{"embeddable":true,"href":"https:\/\/orheifm.live\/index.php\/wp-json\/wp\/v2\/comments?post=68505"}],"version-history":[{"count":0,"href":"https:\/\/orheifm.live\/index.php\/wp-json\/wp\/v2\/posts\/68505\/revisions"}],"wp:featuredmedia":[{"embeddable":true,"href":"https:\/\/orheifm.live\/index.php\/wp-json\/wp\/v2\/media\/68506"}],"wp:attachment":[{"href":"https:\/\/orheifm.live\/index.php\/wp-json\/wp\/v2\/media?parent=68505"}],"wp:term":[{"taxonomy":"category","embeddable":true,"href":"https:\/\/orheifm.live\/index.php\/wp-json\/wp\/v2\/categories?post=68505"},{"taxonomy":"post_tag","embeddable":true,"href":"https:\/\/orheifm.live\/index.php\/wp-json\/wp\/v2\/tags?post=68505"}],"curies":[{"name":"wp","href":"https:\/\/api.w.org\/{rel}","templated":true}]}}