{"id":68501,"date":"2025-03-05T22:40:22","date_gmt":"2025-03-05T20:40:22","guid":{"rendered":"https:\/\/orheifm.live\/index.php\/2025\/03\/05\/moartea-lui-romeo-zakarian-investigata-de-politie\/"},"modified":"2025-03-05T22:40:22","modified_gmt":"2025-03-05T20:40:22","slug":"moartea-lui-romeo-zakarian-investigata-de-politie","status":"publish","type":"post","link":"https:\/\/orheifm.live\/index.php\/2025\/03\/05\/moartea-lui-romeo-zakarian-investigata-de-politie\/","title":{"rendered":"Moartea lui Romeo Zakarian, investigat\u0103 de Poli\u021bie"},"content":{"rendered":"<div>\n<p><strong>Pe 21 februarie, omul de afaceri Romeo Zakarian, proprietarul restaurantului La Sarkis din Chi\u0219in\u0103u, a decedat \u00een urma unei r\u0103ni de arm\u0103 de foc \u00een piept, \u00een curtea propriei sale case.<\/strong><\/p>\n<p>Comunitatea armean\u0103 a sus\u021binut c\u0103 tragedia s-ar fi datorat unei utiliz\u0103ri incorecte a armei, dar ancheta nu a oferit \u00eenc\u0103 o versiune oficial\u0103.<\/p>\n<p>Un dosar penal a fost deschis \u0219i se efectueaz\u0103 o expertiz\u0103 medico-legal\u0103 pentru a stabili circumstan\u021bele exacte ale mor\u021bii. Procuratura General\u0103 a declarat c\u0103 investiga\u021biile sunt \u00een desf\u0103\u0219urare, \u00eens\u0103 nu a precizat durata expertizei.<\/p>\n<\/div>\n","protected":false},"excerpt":{"rendered":"<div><img loading=\"lazy\" decoding=\"async\" width=\"450\" height=\"434\" src=\"https:\/\/canal5.md\/wp-content\/uploads\/2025\/03\/snimok-ekrana_5-3-2025_22403_point.md_-optimized.jpeg\" class=\"attachment-large size-large wp-post-image\" alt=\"\" srcset=\"https:\/\/canal5.md\/wp-content\/uploads\/2025\/03\/snimok-ekrana_5-3-2025_22403_point.md_-optimized.jpeg 450w, https:\/\/canal5.md\/wp-content\/uploads\/2025\/03\/snimok-ekrana_5-3-2025_22403_point.md_-300x289-optimized.jpeg 300w\">Pe 21 februarie, omul de afaceri Romeo Zakarian, proprietarul restaurantului La Sarkis din Chi\u0219in\u0103u, a decedat \u00een urma unei r\u0103ni de arm\u0103 de foc \u00een piept, \u00een curtea propriei sale case. Comunitatea armean\u0103 a sus\u021binut c\u0103 tragedia s-ar fi datorat unei utiliz\u0103ri incorecte a armei, dar ancheta nu a oferit \u00eenc\u0103 o versiune oficial\u0103. Un [\u2026]<\/div>\n","protected":false},"author":1,"featured_media":68502,"comment_status":"closed","ping_status":"closed","sticky":false,"template":"","format":"standard","meta":{"jnews-multi-image_gallery":[],"jnews_single_post":[],"jnews_primary_category":[],"jnews_social_meta":[],"jnews_override_counter":[],"footnotes":""},"categories":[23],"tags":[],"class_list":["post-68501","post","type-post","status-publish","format-standard","has-post-thumbnail","hentry","category-politica_ro"],"_links":{"self":[{"href":"https:\/\/orheifm.live\/index.php\/wp-json\/wp\/v2\/posts\/68501","targetHints":{"allow":["GET"]}}],"collection":[{"href":"https:\/\/orheifm.live\/index.php\/wp-json\/wp\/v2\/posts"}],"about":[{"href":"https:\/\/orheifm.live\/index.php\/wp-json\/wp\/v2\/types\/post"}],"author":[{"embeddable":true,"href":"https:\/\/orheifm.live\/index.php\/wp-json\/wp\/v2\/users\/1"}],"replies":[{"embeddable":true,"href":"https:\/\/orheifm.live\/index.php\/wp-json\/wp\/v2\/comments?post=68501"}],"version-history":[{"count":0,"href":"https:\/\/orheifm.live\/index.php\/wp-json\/wp\/v2\/posts\/68501\/revisions"}],"wp:featuredmedia":[{"embeddable":true,"href":"https:\/\/orheifm.live\/index.php\/wp-json\/wp\/v2\/media\/68502"}],"wp:attachment":[{"href":"https:\/\/orheifm.live\/index.php\/wp-json\/wp\/v2\/media?parent=68501"}],"wp:term":[{"taxonomy":"category","embeddable":true,"href":"https:\/\/orheifm.live\/index.php\/wp-json\/wp\/v2\/categories?post=68501"},{"taxonomy":"post_tag","embeddable":true,"href":"https:\/\/orheifm.live\/index.php\/wp-json\/wp\/v2\/tags?post=68501"}],"curies":[{"name":"wp","href":"https:\/\/api.w.org\/{rel}","templated":true}]}}