{"id":68499,"date":"2025-03-05T22:37:11","date_gmt":"2025-03-05T20:37:11","guid":{"rendered":"https:\/\/orheifm.live\/index.php\/2025\/03\/05\/un-sofer-causeni-amendat-pentruca-a-pornit-mai-devreme-din-gara\/"},"modified":"2025-03-05T22:37:11","modified_gmt":"2025-03-05T20:37:11","slug":"un-sofer-causeni-amendat-pentruca-a-pornit-mai-devreme-din-gara","status":"publish","type":"post","link":"https:\/\/orheifm.live\/index.php\/2025\/03\/05\/un-sofer-causeni-amendat-pentruca-a-pornit-mai-devreme-din-gara\/","title":{"rendered":"Un \u0219ofer C\u0103u\u0219eni, amendat pentruc\u0103 a pornit mai devreme din gar\u0103"},"content":{"rendered":"<div>\n<p><strong>Un \u0219ofer de microbuz din C\u0103u\u0219eni a fost amendat pentru c\u0103 a plecat din autogar\u0103 cu 30 de minute mai devreme, de\u0219i avea microbuzul plin de pasageri.<\/strong><\/p>\n<p>Acesta sus\u021bine c\u0103 Poli\u021bia \u0219i ANTA amendeaz\u0103 \u0219oferii f\u0103r\u0103 motive clare. Transportatorii din zon\u0103 se confrunt\u0103 cu sc\u0103derea num\u0103rului de c\u0103l\u0103tori, majorarea pre\u021burilor biletelor \u0219i cre\u0219terea tarifelor la carburan\u021bi \u0219i piese de schimb.<\/p>\n<p>\u0218oferul a primit amenda pe 21 februarie, iar firma pentru care lucreaz\u0103 a fost sanc\u021bionat\u0103 cu 10.000 de lei.<\/p>\n<\/div>\n","protected":false},"excerpt":{"rendered":"<div><img loading=\"lazy\" decoding=\"async\" width=\"696\" height=\"392\" src=\"https:\/\/canal5.md\/wp-content\/uploads\/2025\/03\/cd933a5e6ce9930a41e424cfb98bb6ed-optimized.jpg\" class=\"attachment-large size-large wp-post-image\" alt=\"\" srcset=\"https:\/\/canal5.md\/wp-content\/uploads\/2025\/03\/cd933a5e6ce9930a41e424cfb98bb6ed-optimized.jpg 809w, https:\/\/canal5.md\/wp-content\/uploads\/2025\/03\/cd933a5e6ce9930a41e424cfb98bb6ed-300x169-optimized.jpg 300w, https:\/\/canal5.md\/wp-content\/uploads\/2025\/03\/cd933a5e6ce9930a41e424cfb98bb6ed-768x433-optimized.jpg 768w, https:\/\/canal5.md\/wp-content\/uploads\/2025\/03\/cd933a5e6ce9930a41e424cfb98bb6ed-696x392-optimized.jpg 696w\">Un \u0219ofer de microbuz din C\u0103u\u0219eni a fost amendat pentru c\u0103 a plecat din autogar\u0103 cu 30 de minute mai devreme, de\u0219i avea microbuzul plin de pasageri. Acesta sus\u021bine c\u0103 Poli\u021bia \u0219i ANTA amendeaz\u0103 \u0219oferii f\u0103r\u0103 motive clare. Transportatorii din zon\u0103 se confrunt\u0103 cu sc\u0103derea num\u0103rului de c\u0103l\u0103tori, majorarea pre\u021burilor biletelor \u0219i cre\u0219terea tarifelor la [\u2026]<\/div>\n","protected":false},"author":1,"featured_media":68500,"comment_status":"closed","ping_status":"closed","sticky":false,"template":"","format":"standard","meta":{"jnews-multi-image_gallery":[],"jnews_single_post":[],"jnews_primary_category":[],"jnews_social_meta":[],"jnews_override_counter":[],"footnotes":""},"categories":[23],"tags":[],"class_list":["post-68499","post","type-post","status-publish","format-standard","has-post-thumbnail","hentry","category-politica_ro"],"_links":{"self":[{"href":"https:\/\/orheifm.live\/index.php\/wp-json\/wp\/v2\/posts\/68499","targetHints":{"allow":["GET"]}}],"collection":[{"href":"https:\/\/orheifm.live\/index.php\/wp-json\/wp\/v2\/posts"}],"about":[{"href":"https:\/\/orheifm.live\/index.php\/wp-json\/wp\/v2\/types\/post"}],"author":[{"embeddable":true,"href":"https:\/\/orheifm.live\/index.php\/wp-json\/wp\/v2\/users\/1"}],"replies":[{"embeddable":true,"href":"https:\/\/orheifm.live\/index.php\/wp-json\/wp\/v2\/comments?post=68499"}],"version-history":[{"count":0,"href":"https:\/\/orheifm.live\/index.php\/wp-json\/wp\/v2\/posts\/68499\/revisions"}],"wp:featuredmedia":[{"embeddable":true,"href":"https:\/\/orheifm.live\/index.php\/wp-json\/wp\/v2\/media\/68500"}],"wp:attachment":[{"href":"https:\/\/orheifm.live\/index.php\/wp-json\/wp\/v2\/media?parent=68499"}],"wp:term":[{"taxonomy":"category","embeddable":true,"href":"https:\/\/orheifm.live\/index.php\/wp-json\/wp\/v2\/categories?post=68499"},{"taxonomy":"post_tag","embeddable":true,"href":"https:\/\/orheifm.live\/index.php\/wp-json\/wp\/v2\/tags?post=68499"}],"curies":[{"name":"wp","href":"https:\/\/api.w.org\/{rel}","templated":true}]}}